{"id":1173,"date":"2020-08-24T14:52:22","date_gmt":"2020-08-24T14:52:22","guid":{"rendered":"http:\/\/kbv-wiesederfehn.de\/?p=1173"},"modified":"2020-08-24T14:56:55","modified_gmt":"2020-08-24T14:56:55","slug":"jugendvereinsmeister-im-kbv-wiesederfehn-ermittelt","status":"publish","type":"post","link":"https:\/\/kbv-wiesederfehn.de\/?p=1173","title":{"rendered":"Jugendvereinsmeister im KBV Wiesederfehn ermittelt!"},"content":{"rendered":"\n<p class=\"has-medium-font-size\">Die Jugendvereinsmeisterschaften\ner\u00f6ffnen eigentlich immer das Turnierwochenende um den Fehntjer Cup des KBV\nWiesederfehn am 3. Juliwochenende. Die Corona Pandemie machte eine Durchf\u00fchrung\ndes \u00e4ltesten Bo\u00dfelturniers in Ostfriesland unm\u00f6glich. <\/p>\n\n\n\n<p class=\"has-medium-font-size\">Trotz der besonderen Umst\u00e4nde haben sich die Jugendbetreuer um Silke Schoon und Bettina Behrends f\u00fcr eine Ausrichtung entschieden. Am Samstag, 22.08.2020 um 09.30 startete das Streckenwerfen am Dorfgemeinschaftshaus. Es galt 8 W\u00fcrfe gut auf die Strecke zu bringen. Bei angenehmen Temperaturen lie\u00dfen sich die Abstandsregeln und Hygieneregeln gut einhalten. Bei der Siegerehrung unter freiem Himmel wurden die neuen Vereinsmeister Malte Naeven (M\u00e4nnl. Jugend E\/F), Jendrik Rahmann (M\u00e4nnl. Jugend C\/D), Felix Gurris (M\u00e4nnl. Jugend A\/B, Merle Brudny (Weibl. Jugend E\/F), Fenna Behrends (Weibl. Jugend C\/D) und Kim Schmidt (Weibl. Jugend A\/B) mit den Wanderpokalen und Medaillen ausgezeichnet. Alle Teilnehmer erhielten einen Preis. <\/p>\n\n\n\n<div class=\"wp-block-file\"><a href=\"https:\/\/kbv-wiesederfehn.de\/wp-content\/uploads\/2020\/08\/Preiswerfen-Jugend-2020.pdf\">Preiswerfen Jugend 2020<\/a><a href=\"https:\/\/kbv-wiesederfehn.de\/wp-content\/uploads\/2020\/08\/Preiswerfen-Jugend-2020.pdf\" class=\"wp-block-file__button\" download>Herunterladen<\/a><\/div>\n\n\n\n<figure class=\"wp-block-image\"><img loading=\"lazy\" decoding=\"async\" width=\"1024\" height=\"768\" src=\"https:\/\/kbv-wiesederfehn.de\/wp-content\/uploads\/2020\/08\/PHOTO-2020-08-22-12-49-04-1-1024x768.jpg\" alt=\"\" class=\"wp-image-1177\" srcset=\"https:\/\/kbv-wiesederfehn.de\/wp-content\/uploads\/2020\/08\/PHOTO-2020-08-22-12-49-04-1-1024x768.jpg 1024w, https:\/\/kbv-wiesederfehn.de\/wp-content\/uploads\/2020\/08\/PHOTO-2020-08-22-12-49-04-1-300x225.jpg 300w, https:\/\/kbv-wiesederfehn.de\/wp-content\/uploads\/2020\/08\/PHOTO-2020-08-22-12-49-04-1-768x576.jpg 768w, https:\/\/kbv-wiesederfehn.de\/wp-content\/uploads\/2020\/08\/PHOTO-2020-08-22-12-49-04-1-150x113.jpg 150w, https:\/\/kbv-wiesederfehn.de\/wp-content\/uploads\/2020\/08\/PHOTO-2020-08-22-12-49-04-1.jpg 1600w\" sizes=\"auto, (max-width: 1024px) 100vw, 1024px\" \/><\/figure>\n\n\n\n<figure class=\"wp-block-image\"><img loading=\"lazy\" decoding=\"async\" width=\"1024\" height=\"768\" src=\"https:\/\/kbv-wiesederfehn.de\/wp-content\/uploads\/2020\/08\/PHOTO-2020-08-22-12-49-06-1-1024x768.jpg\" alt=\"\" class=\"wp-image-1179\" srcset=\"https:\/\/kbv-wiesederfehn.de\/wp-content\/uploads\/2020\/08\/PHOTO-2020-08-22-12-49-06-1-1024x768.jpg 1024w, https:\/\/kbv-wiesederfehn.de\/wp-content\/uploads\/2020\/08\/PHOTO-2020-08-22-12-49-06-1-300x225.jpg 300w, https:\/\/kbv-wiesederfehn.de\/wp-content\/uploads\/2020\/08\/PHOTO-2020-08-22-12-49-06-1-768x576.jpg 768w, https:\/\/kbv-wiesederfehn.de\/wp-content\/uploads\/2020\/08\/PHOTO-2020-08-22-12-49-06-1-150x113.jpg 150w, https:\/\/kbv-wiesederfehn.de\/wp-content\/uploads\/2020\/08\/PHOTO-2020-08-22-12-49-06-1.jpg 1600w\" sizes=\"auto, (max-width: 1024px) 100vw, 1024px\" \/><\/figure>\n\n\n\n<p><\/p>\n","protected":false},"excerpt":{"rendered":"<p>Die Jugendvereinsmeisterschaften er\u00f6ffnen eigentlich immer das Turnierwochenende um den Fehntjer Cup des KBV Wiesederfehn am 3. Juliwochenende. Die Corona Pandemie machte eine Durchf\u00fchrung des \u00e4ltesten Bo\u00dfelturniers in Ostfriesland unm\u00f6glich. Trotz&#8230;<\/p>\n<p class=\"continue-reading-button\"> <a class=\"continue-reading-link\" href=\"https:\/\/kbv-wiesederfehn.de\/?p=1173\">Mehr lesen<i class=\"crycon-right-dir\"><\/i><\/a><\/p>\n","protected":false},"author":1,"featured_media":1176,"comment_status":"closed","ping_status":"closed","sticky":false,"template":"","format":"standard","meta":{"ngg_post_thumbnail":0,"footnotes":""},"categories":[12,18],"tags":[],"class_list":["post-1173","post","type-post","status-publish","format-standard","has-post-thumbnail","hentry","category-jugend","category-saison-20-21"],"_links":{"self":[{"href":"https:\/\/kbv-wiesederfehn.de\/index.php?rest_route=\/wp\/v2\/posts\/1173","targetHints":{"allow":["GET"]}}],"collection":[{"href":"https:\/\/kbv-wiesederfehn.de\/index.php?rest_route=\/wp\/v2\/posts"}],"about":[{"href":"https:\/\/kbv-wiesederfehn.de\/index.php?rest_route=\/wp\/v2\/types\/post"}],"author":[{"embeddable":true,"href":"https:\/\/kbv-wiesederfehn.de\/index.php?rest_route=\/wp\/v2\/users\/1"}],"replies":[{"embeddable":true,"href":"https:\/\/kbv-wiesederfehn.de\/index.php?rest_route=%2Fwp%2Fv2%2Fcomments&post=1173"}],"version-history":[{"count":5,"href":"https:\/\/kbv-wiesederfehn.de\/index.php?rest_route=\/wp\/v2\/posts\/1173\/revisions"}],"predecessor-version":[{"id":1183,"href":"https:\/\/kbv-wiesederfehn.de\/index.php?rest_route=\/wp\/v2\/posts\/1173\/revisions\/1183"}],"wp:featuredmedia":[{"embeddable":true,"href":"https:\/\/kbv-wiesederfehn.de\/index.php?rest_route=\/wp\/v2\/media\/1176"}],"wp:attachment":[{"href":"https:\/\/kbv-wiesederfehn.de\/index.php?rest_route=%2Fwp%2Fv2%2Fmedia&parent=1173"}],"wp:term":[{"taxonomy":"category","embeddable":true,"href":"https:\/\/kbv-wiesederfehn.de\/index.php?rest_route=%2Fwp%2Fv2%2Fcategories&post=1173"},{"taxonomy":"post_tag","embeddable":true,"href":"https:\/\/kbv-wiesederfehn.de\/index.php?rest_route=%2Fwp%2Fv2%2Ftags&post=1173"}],"curies":[{"name":"wp","href":"https:\/\/api.w.org\/{rel}","templated":true}]}}