{"id":1185,"date":"2020-09-07T10:55:20","date_gmt":"2020-09-07T10:55:20","guid":{"rendered":"http:\/\/kbv-wiesederfehn.de\/?p=1185"},"modified":"2020-09-07T15:01:45","modified_gmt":"2020-09-07T15:01:45","slug":"wir-gehen-neue-innovative-wege-in-der-trainings-und-jugendarbeit","status":"publish","type":"post","link":"https:\/\/kbv-wiesederfehn.de\/?p=1185","title":{"rendered":"Wir gehen neue innovative Wege in der Trainings- und Jugendarbeit!"},"content":{"rendered":"\n<p style=\"text-align:center\">Am\nSamstag, 29.08.2020 hat erstmalig das neue Rasen-Bo\u00dfel-Training des\nBo\u00dfelvereins Wiesederfehn am Rasenplatz im Wohngebiet um den Renken- und\nDinkelweg &nbsp;stattgefunden. Bei strahlendem\nSonnenschein konnten 14 Nachwuchsbo\u00dfler\/-innen ihr K\u00f6nnen im Rasenbo\u00dfeln unter\nBeweis stellen. Diese ganz besondere Trainingseinheit haben auch einige\nZuschauer\/-innen mit gro\u00dfem Interesse und Begeisterung verfolgt. <\/p>\n\n\n\n<div class=\"wp-block-media-text alignwide\"><figure class=\"wp-block-media-text__media\"><img loading=\"lazy\" decoding=\"async\" width=\"1024\" height=\"768\" src=\"https:\/\/kbv-wiesederfehn.de\/wp-content\/uploads\/2020\/09\/Rasenbo\u00dfeln5-1024x768.jpg\" alt=\"\" class=\"wp-image-1187\" srcset=\"https:\/\/kbv-wiesederfehn.de\/wp-content\/uploads\/2020\/09\/Rasenbo\u00dfeln5-1024x768.jpg 1024w, https:\/\/kbv-wiesederfehn.de\/wp-content\/uploads\/2020\/09\/Rasenbo\u00dfeln5-300x225.jpg 300w, https:\/\/kbv-wiesederfehn.de\/wp-content\/uploads\/2020\/09\/Rasenbo\u00dfeln5-768x576.jpg 768w, https:\/\/kbv-wiesederfehn.de\/wp-content\/uploads\/2020\/09\/Rasenbo\u00dfeln5-150x113.jpg 150w\" sizes=\"auto, (max-width: 1024px) 100vw, 1024px\" \/><\/figure><div class=\"wp-block-media-text__content\">\n<p style=\"text-align:center\">\n\nJana und Florian Gerdes, Jugendbetreuer der D Jugend, haben diese alternative Trainingsform entwickelt. Beide haben an der Ausbildung zum Jugendleiter, der sog. Juleica-Card, teilgenommen. Im Herbst 2019 wurde diese Ausbildung speziell f\u00fcr den Bereich Friesensport \u00fcber den Kreissportbund Wittmund und dem Friesischen Klootschie\u00dfer Verband angeboten. Erste Ideen f\u00fcr das neue Konzept entstanden danach in der Trainingsarbeit beim Hallenbo\u00dfeln in der Sporthalle.&nbsp; \n\n<\/p>\n<\/div><\/div>\n\n\n\n<div class=\"wp-block-media-text alignwide has-media-on-the-right\"><figure class=\"wp-block-media-text__media\"><img loading=\"lazy\" decoding=\"async\" width=\"1024\" height=\"768\" src=\"https:\/\/kbv-wiesederfehn.de\/wp-content\/uploads\/2020\/09\/Rasenbo\u00dfeln10-1024x768.jpg\" alt=\"\" class=\"wp-image-1192\" srcset=\"https:\/\/kbv-wiesederfehn.de\/wp-content\/uploads\/2020\/09\/Rasenbo\u00dfeln10-1024x768.jpg 1024w, https:\/\/kbv-wiesederfehn.de\/wp-content\/uploads\/2020\/09\/Rasenbo\u00dfeln10-300x225.jpg 300w, https:\/\/kbv-wiesederfehn.de\/wp-content\/uploads\/2020\/09\/Rasenbo\u00dfeln10-768x576.jpg 768w, https:\/\/kbv-wiesederfehn.de\/wp-content\/uploads\/2020\/09\/Rasenbo\u00dfeln10-150x113.jpg 150w\" sizes=\"auto, (max-width: 1024px) 100vw, 1024px\" \/><\/figure><div class=\"wp-block-media-text__content\">\n<p>\n\nIn der Konzeptidee verbinden sich verschiedene Ziele. Mit der neuen Trainingsform soll das Bo\u00dfeltraining f\u00fcr bereits vorhandene Jugendmannschaften noch interessanter und abwechslungsreicher gestaltet werden. Zum anderen kann der Verein sich und seinen Sport in einem Wohngebiet vor Ort pr\u00e4sentieren und vielleicht auf diese Weise neue Jugendwerfer gewinnen. Mit einem umfangreichen Konzeptordner sollen alle Jugendbetreuer eine Trainingseinheit erfolgreich durchf\u00fchren k\u00f6nnen, der Aufbau von \u00dcbungsstunden incl. Auf- und Abw\u00e4rmspiele, diversen Trainingsmodulen mit Aufbauanleitungen und Spielkarten stehen darin zur Verf\u00fcgung.&nbsp;&nbsp; \n\n<\/p>\n<\/div><\/div>\n\n\n\n<div class=\"wp-block-media-text alignwide\"><figure class=\"wp-block-media-text__media\"><img loading=\"lazy\" decoding=\"async\" width=\"1024\" height=\"768\" src=\"https:\/\/kbv-wiesederfehn.de\/wp-content\/uploads\/2020\/09\/Rasenbo\u00dfeln4-1024x768.jpg\" alt=\"\" class=\"wp-image-1188\" srcset=\"https:\/\/kbv-wiesederfehn.de\/wp-content\/uploads\/2020\/09\/Rasenbo\u00dfeln4-1024x768.jpg 1024w, https:\/\/kbv-wiesederfehn.de\/wp-content\/uploads\/2020\/09\/Rasenbo\u00dfeln4-300x225.jpg 300w, https:\/\/kbv-wiesederfehn.de\/wp-content\/uploads\/2020\/09\/Rasenbo\u00dfeln4-768x576.jpg 768w, https:\/\/kbv-wiesederfehn.de\/wp-content\/uploads\/2020\/09\/Rasenbo\u00dfeln4-150x113.jpg 150w\" sizes=\"auto, (max-width: 1024px) 100vw, 1024px\" \/><\/figure><div class=\"wp-block-media-text__content\">\n<p>\n\nViele Elemente des Trainings orientieren sich am Trainings- und Spielkonzept des&nbsp; Hallenbo\u00dfelns des Friesischen Klootschie\u00dfer Verbands. Der KBV Wiesederfehn f\u00fchrt das Hallenbo\u00dfeln seit einigen Jahren in den Herbst- u. Wintermonaten erfolgreich in der Sporthalle der Grundschule Wiesede durch. Anders als in einer Sporthalle stehen aber die ben\u00f6tigten B\u00e4nke, K\u00e4sten, B\u00e4lle usw. auf einer Rasenfl\u00e4che nicht zur Verf\u00fcgung. Das notwendige Trainingszubeh\u00f6r wurde daher teilweise selber gebaut bzw. neu angeschafft. Der Rasenplatz wurde zudem in den letzten Tagen vor der ersten Trainingseinheit mehrfach gem\u00e4ht, um eine optimales Rollverhalten der Kugeln zu gew\u00e4hrleisten.&nbsp;\n\n<\/p>\n<\/div><\/div>\n\n\n\n<div class=\"wp-block-media-text alignwide has-media-on-the-right\"><figure class=\"wp-block-media-text__media\"><img loading=\"lazy\" decoding=\"async\" width=\"1024\" height=\"768\" src=\"https:\/\/kbv-wiesederfehn.de\/wp-content\/uploads\/2020\/09\/Rasenbo\u00dfeln6-1024x768.jpg\" alt=\"\" class=\"wp-image-1194\" srcset=\"https:\/\/kbv-wiesederfehn.de\/wp-content\/uploads\/2020\/09\/Rasenbo\u00dfeln6-1024x768.jpg 1024w, https:\/\/kbv-wiesederfehn.de\/wp-content\/uploads\/2020\/09\/Rasenbo\u00dfeln6-300x225.jpg 300w, https:\/\/kbv-wiesederfehn.de\/wp-content\/uploads\/2020\/09\/Rasenbo\u00dfeln6-768x576.jpg 768w, https:\/\/kbv-wiesederfehn.de\/wp-content\/uploads\/2020\/09\/Rasenbo\u00dfeln6-150x113.jpg 150w\" sizes=\"auto, (max-width: 1024px) 100vw, 1024px\" \/><\/figure><div class=\"wp-block-media-text__content\">\n<p>\n\nViele Elemente des Trainings orientieren sich am Trainings- und Spielkonzept des&nbsp; Hallenbo\u00dfelns des Friesischen Klootschie\u00dfer Verbands. Der KBV Wiesederfehn f\u00fchrt das Hallenbo\u00dfeln seit einigen Jahren in den Herbst- u. Wintermonaten erfolgreich in der Sporthalle der Grundschule Wiesede durch. Anders als in einer Sporthalle stehen aber die ben\u00f6tigten B\u00e4nke, K\u00e4sten, B\u00e4lle usw. auf einer Rasenfl\u00e4che nicht zur Verf\u00fcgung. Das notwendige Trainingszubeh\u00f6r wurde daher teilweise selber gebaut bzw. neu angeschafft. Der Rasenplatz wurde zudem in den letzten Tagen vor der ersten Trainingseinheit mehrfach gem\u00e4ht, um eine optimales Rollverhalten der Kugeln zu gew\u00e4hrleisten.&nbsp;&nbsp; &nbsp;\n\n<\/p>\n<\/div><\/div>\n\n\n\n<div class=\"wp-block-media-text alignwide\"><figure class=\"wp-block-media-text__media\"><img loading=\"lazy\" decoding=\"async\" width=\"1024\" height=\"768\" src=\"https:\/\/kbv-wiesederfehn.de\/wp-content\/uploads\/2020\/09\/Rasenbo\u00dfeln9-1024x768.jpg\" alt=\"\" class=\"wp-image-1193\" srcset=\"https:\/\/kbv-wiesederfehn.de\/wp-content\/uploads\/2020\/09\/Rasenbo\u00dfeln9-1024x768.jpg 1024w, https:\/\/kbv-wiesederfehn.de\/wp-content\/uploads\/2020\/09\/Rasenbo\u00dfeln9-300x225.jpg 300w, https:\/\/kbv-wiesederfehn.de\/wp-content\/uploads\/2020\/09\/Rasenbo\u00dfeln9-768x576.jpg 768w, https:\/\/kbv-wiesederfehn.de\/wp-content\/uploads\/2020\/09\/Rasenbo\u00dfeln9-150x113.jpg 150w\" sizes=\"auto, (max-width: 1024px) 100vw, 1024px\" \/><\/figure><div class=\"wp-block-media-text__content\">\n<p>\n\nNach einer umfangreichen Entwicklungs- und Vorbereitungsphase wurde die 1. Trainingseinheit als Praxistest mit Spannung erwartet. Die erste Trainingseinheit wurde von den Jugendbetreuern Mareike und Svenja Schoon, Jana und Florian Gerdes, Felix Guris und Stephan Gerdes geleitet und durchgef\u00fchrt. Die Nachwuchsbo\u00dfler haben in diesem Training zwei Stunden in verschiedenen Trainingsmodulen spielerisch an der Abwurf- und Bo\u00dfeltechnik gearbeitet, dabei hat auch das selbstgebaute Zubeh\u00f6r den Praxistest mit Bravur bestanden. Im Vorfeld war den Jugendbetreuern besonders wichtig, dass der Spa\u00df zu jeder Zeit des Trainings im Vordergrund steht. In der abschlie\u00dfenden Feedbackrunde haben die Kinder mit leuchtenden Augen ausschlie\u00dflich positive R\u00fcckmeldung gegeben. Spiele wie z.B. \u201eBo\u00dfel-Brennball\u201c, \u201eSchweine treiben\u201c und \u201eFensterscheibenbo\u00dfeln\u201c haben den Teilnehmern besonders viel Spa\u00df gemacht.\n\n<\/p>\n<\/div><\/div>\n\n\n\n<div class=\"wp-block-media-text alignwide has-media-on-the-right\"><figure class=\"wp-block-media-text__media\"><img loading=\"lazy\" decoding=\"async\" width=\"1024\" height=\"768\" src=\"https:\/\/kbv-wiesederfehn.de\/wp-content\/uploads\/2020\/09\/Rasenbo\u00dfeln7-1024x768.jpg\" alt=\"\" class=\"wp-image-1191\" srcset=\"https:\/\/kbv-wiesederfehn.de\/wp-content\/uploads\/2020\/09\/Rasenbo\u00dfeln7-1024x768.jpg 1024w, https:\/\/kbv-wiesederfehn.de\/wp-content\/uploads\/2020\/09\/Rasenbo\u00dfeln7-300x225.jpg 300w, https:\/\/kbv-wiesederfehn.de\/wp-content\/uploads\/2020\/09\/Rasenbo\u00dfeln7-768x576.jpg 768w, https:\/\/kbv-wiesederfehn.de\/wp-content\/uploads\/2020\/09\/Rasenbo\u00dfeln7-150x113.jpg 150w\" sizes=\"auto, (max-width: 1024px) 100vw, 1024px\" \/><\/figure><div class=\"wp-block-media-text__content\">\n<p> In den n\u00e4chsten Wochen soll ein Imageflyer mit n\u00fctzlichen Informationen zum KBV Wiesederfehn, speziell zur Jugendabteilung, aber auch zu den Trainingszeiten usw. erarbeitet werden. Dieser soll auch f\u00fcr die Ansprache und Gewinnung von Nachwuchsbo\u00dflern genutzt werden. Auf Grund der Wetterlage beginnt nach den Herbstferien wieder das Hallenbo\u00dfeltraining, bis zum Beginn der Herbstferien soll noch eine weitere Rasenbo\u00dfel-Trainingseinheit durchgef\u00fchrt werden. Ab dem Fr\u00fchjahr 2021 wird das Rasenbo\u00dfeltraining dann fester Bestandteil im Trainingsplan der Jugendmannschaften. Wenn Du zwischen 4 und 10 Jahre alt bist und das Bo\u00dfeln spielerisch erlernen m\u00f6chtest, dann melde Dich bei unseren <strong>Jugendwartinnen Silke Schoon (04944-946125) oder Bettina Behrends (04944-915987)<\/strong>. Der Bo\u00dfelverein Wiesederfehn freut sich auf Dich <\/p>\n<\/div><\/div>\n\n\n\n<ul class=\"wp-block-gallery columns-3 wp-block-gallery-1 is-layout-flex wp-block-gallery-is-layout-flex\"><li class=\"blocks-gallery-item\"><figure><img loading=\"lazy\" decoding=\"async\" width=\"1024\" height=\"768\" src=\"https:\/\/kbv-wiesederfehn.de\/wp-content\/uploads\/2020\/09\/Rasenbo\u00dfeln1-1024x768.jpg\" alt=\"\" data-id=\"1195\" data-link=\"https:\/\/kbv-wiesederfehn.de\/?attachment_id=1195\" class=\"wp-image-1195\" srcset=\"https:\/\/kbv-wiesederfehn.de\/wp-content\/uploads\/2020\/09\/Rasenbo\u00dfeln1-1024x768.jpg 1024w, https:\/\/kbv-wiesederfehn.de\/wp-content\/uploads\/2020\/09\/Rasenbo\u00dfeln1-300x225.jpg 300w, https:\/\/kbv-wiesederfehn.de\/wp-content\/uploads\/2020\/09\/Rasenbo\u00dfeln1-768x576.jpg 768w, https:\/\/kbv-wiesederfehn.de\/wp-content\/uploads\/2020\/09\/Rasenbo\u00dfeln1-150x113.jpg 150w\" sizes=\"auto, (max-width: 1024px) 100vw, 1024px\" \/><\/figure><\/li><li class=\"blocks-gallery-item\"><figure><img loading=\"lazy\" decoding=\"async\" width=\"1024\" height=\"768\" src=\"https:\/\/kbv-wiesederfehn.de\/wp-content\/uploads\/2020\/09\/Rasenbo\u00dfeln3-1024x768.jpg\" alt=\"\" data-id=\"1189\" data-link=\"https:\/\/kbv-wiesederfehn.de\/?attachment_id=1189\" class=\"wp-image-1189\" srcset=\"https:\/\/kbv-wiesederfehn.de\/wp-content\/uploads\/2020\/09\/Rasenbo\u00dfeln3-1024x768.jpg 1024w, https:\/\/kbv-wiesederfehn.de\/wp-content\/uploads\/2020\/09\/Rasenbo\u00dfeln3-300x225.jpg 300w, https:\/\/kbv-wiesederfehn.de\/wp-content\/uploads\/2020\/09\/Rasenbo\u00dfeln3-768x576.jpg 768w, https:\/\/kbv-wiesederfehn.de\/wp-content\/uploads\/2020\/09\/Rasenbo\u00dfeln3-150x113.jpg 150w\" sizes=\"auto, (max-width: 1024px) 100vw, 1024px\" \/><\/figure><\/li><li class=\"blocks-gallery-item\"><figure><img loading=\"lazy\" decoding=\"async\" width=\"1024\" height=\"768\" src=\"https:\/\/kbv-wiesederfehn.de\/wp-content\/uploads\/2020\/09\/Rasenbo\u00dfeln8-1024x768.jpg\" alt=\"\" data-id=\"1190\" data-link=\"https:\/\/kbv-wiesederfehn.de\/?attachment_id=1190\" class=\"wp-image-1190\" srcset=\"https:\/\/kbv-wiesederfehn.de\/wp-content\/uploads\/2020\/09\/Rasenbo\u00dfeln8-1024x768.jpg 1024w, https:\/\/kbv-wiesederfehn.de\/wp-content\/uploads\/2020\/09\/Rasenbo\u00dfeln8-300x225.jpg 300w, https:\/\/kbv-wiesederfehn.de\/wp-content\/uploads\/2020\/09\/Rasenbo\u00dfeln8-768x576.jpg 768w, https:\/\/kbv-wiesederfehn.de\/wp-content\/uploads\/2020\/09\/Rasenbo\u00dfeln8-150x113.jpg 150w\" sizes=\"auto, (max-width: 1024px) 100vw, 1024px\" \/><\/figure><\/li><\/ul>\n","protected":false},"excerpt":{"rendered":"<p>Am Samstag, 29.08.2020 hat erstmalig das neue Rasen-Bo\u00dfel-Training des Bo\u00dfelvereins Wiesederfehn am Rasenplatz im Wohngebiet um den Renken- und Dinkelweg &nbsp;stattgefunden. Bei strahlendem Sonnenschein konnten 14 Nachwuchsbo\u00dfler\/-innen ihr K\u00f6nnen im&#8230;<\/p>\n<p class=\"continue-reading-button\"> <a class=\"continue-reading-link\" href=\"https:\/\/kbv-wiesederfehn.de\/?p=1185\">Mehr lesen<i class=\"crycon-right-dir\"><\/i><\/a><\/p>\n","protected":false},"author":1,"featured_media":1190,"comment_status":"closed","ping_status":"closed","sticky":false,"template":"","format":"standard","meta":{"ngg_post_thumbnail":0,"footnotes":""},"categories":[12,18],"tags":[],"class_list":["post-1185","post","type-post","status-publish","format-standard","has-post-thumbnail","hentry","category-jugend","category-saison-20-21"],"_links":{"self":[{"href":"https:\/\/kbv-wiesederfehn.de\/index.php?rest_route=\/wp\/v2\/posts\/1185","targetHints":{"allow":["GET"]}}],"collection":[{"href":"https:\/\/kbv-wiesederfehn.de\/index.php?rest_route=\/wp\/v2\/posts"}],"about":[{"href":"https:\/\/kbv-wiesederfehn.de\/index.php?rest_route=\/wp\/v2\/types\/post"}],"author":[{"embeddable":true,"href":"https:\/\/kbv-wiesederfehn.de\/index.php?rest_route=\/wp\/v2\/users\/1"}],"replies":[{"embeddable":true,"href":"https:\/\/kbv-wiesederfehn.de\/index.php?rest_route=%2Fwp%2Fv2%2Fcomments&post=1185"}],"version-history":[{"count":12,"href":"https:\/\/kbv-wiesederfehn.de\/index.php?rest_route=\/wp\/v2\/posts\/1185\/revisions"}],"predecessor-version":[{"id":1209,"href":"https:\/\/kbv-wiesederfehn.de\/index.php?rest_route=\/wp\/v2\/posts\/1185\/revisions\/1209"}],"wp:featuredmedia":[{"embeddable":true,"href":"https:\/\/kbv-wiesederfehn.de\/index.php?rest_route=\/wp\/v2\/media\/1190"}],"wp:attachment":[{"href":"https:\/\/kbv-wiesederfehn.de\/index.php?rest_route=%2Fwp%2Fv2%2Fmedia&parent=1185"}],"wp:term":[{"taxonomy":"category","embeddable":true,"href":"https:\/\/kbv-wiesederfehn.de\/index.php?rest_route=%2Fwp%2Fv2%2Fcategories&post=1185"},{"taxonomy":"post_tag","embeddable":true,"href":"https:\/\/kbv-wiesederfehn.de\/index.php?rest_route=%2Fwp%2Fv2%2Ftags&post=1185"}],"curies":[{"name":"wp","href":"https:\/\/api.w.org\/{rel}","templated":true}]}}