{"id":1245,"date":"2020-09-24T10:56:54","date_gmt":"2020-09-24T10:56:54","guid":{"rendered":"http:\/\/kbv-wiesederfehn.de\/?p=1245"},"modified":"2020-09-24T10:56:54","modified_gmt":"2020-09-24T10:56:54","slug":"vereinsmeisterschaften-seniorenklassen-frauen-v-und-maenner-iv-und-v%ef%bb%bf","status":"publish","type":"post","link":"https:\/\/kbv-wiesederfehn.de\/?p=1245","title":{"rendered":"Vereinsmeisterschaften Seniorenklassen Frauen V und M\u00e4nner IV und V\ufeff"},"content":{"rendered":"\n<p><strong>Vereinsmeisterschaften\nSeniorenklassen Frauen V und M\u00e4nner IV und V<\/strong><\/p>\n\n\n\n<p style=\"text-align:center\">Die Ehrung der Vereinsmeister der\nSeniorenklassen M\u00e4nner IV und V und Frauen V erfolgt in der Regel w\u00e4hrend des\nSommerfestes in Verbindung mit dem Fehntjer Cup am 3. Juliwochenende. Im\nVorfeld finden daher die sog. Vereinsmeisterschaften statt. &nbsp;&nbsp;<\/p>\n\n\n\n<p style=\"text-align:center\">Trotz der besonderen Umst\u00e4nde hat sich der\nVorstand zur Ausrichtung der Meisterschaften entschlossen. Das Hygienekonzept\ndes Vereins wurde nat\u00fcrlich entsprechend angewendet und hat sich in der Praxis\nbew\u00e4hrt. Wie immer galt es 8 W\u00fcrfe gut auf die Strecke zu bringen. <\/p>\n\n\n\n<p style=\"text-align:center\">Die Seniorenklassen hatten am 24. und 26\nAugust mit schlechten Bedingungen durch starken Wind und Regen zu k\u00e4mpfen. In\nder Klasse Frauen V konnte Trudi Plock mit der Gummikugel gute 783 Meter\nerzielen und verteidigte damit den Meistertitel aus dem Vorjahr vor Anne Aden. In\nder Klasse M\u00e4nner IV \u00fcberzeigte R\u00fcdiger Eckstein mit Holzkugel und sehr guten\n1064 Metern, er sicherte sich damit erneut die Vereinsmeisterschaft vor Erhard\nGerdes. In der Altersklasse M\u00e4nner V ging ein gro\u00dfes &nbsp;Starterfeld mit 12 Werfern an den Start. Ebenfalls\nkonnte Dirk Behrends seinen Meistertitel verteidigen, mit 1068 Metern erzielte\ner die H\u00f6chstweite mit der Gummikugel. <\/p>\n\n\n\n<p style=\"text-align:center\">Alle Teilnehmer wurden mit einem\nFleischpreis auf der Siegerehrung am 02. September belohnt.<\/p>\n\n\n\n<div class=\"wp-block-file\"><a href=\"https:\/\/kbv-wiesederfehn.de\/wp-content\/uploads\/2020\/09\/Preiswerfen-Senioren-2020-2.pdf\">Preiswerfen Senioren 2020<\/a><a href=\"https:\/\/kbv-wiesederfehn.de\/wp-content\/uploads\/2020\/09\/Preiswerfen-Senioren-2020-2.pdf\" class=\"wp-block-file__button\" download>Herunterladen<\/a><\/div>\n\n\n\n<p><\/p>\n","protected":false},"excerpt":{"rendered":"<p>Vereinsmeisterschaften Seniorenklassen Frauen V und M\u00e4nner IV und V Die Ehrung der Vereinsmeister der Seniorenklassen M\u00e4nner IV und V und Frauen V erfolgt in der Regel w\u00e4hrend des Sommerfestes in&#8230;<\/p>\n<p class=\"continue-reading-button\"> <a class=\"continue-reading-link\" href=\"https:\/\/kbv-wiesederfehn.de\/?p=1245\">Mehr lesen<i class=\"crycon-right-dir\"><\/i><\/a><\/p>\n","protected":false},"author":1,"featured_media":0,"comment_status":"closed","ping_status":"closed","sticky":false,"template":"","format":"standard","meta":{"ngg_post_thumbnail":0,"footnotes":""},"categories":[18],"tags":[],"class_list":["post-1245","post","type-post","status-publish","format-standard","hentry","category-saison-20-21"],"_links":{"self":[{"href":"https:\/\/kbv-wiesederfehn.de\/index.php?rest_route=\/wp\/v2\/posts\/1245","targetHints":{"allow":["GET"]}}],"collection":[{"href":"https:\/\/kbv-wiesederfehn.de\/index.php?rest_route=\/wp\/v2\/posts"}],"about":[{"href":"https:\/\/kbv-wiesederfehn.de\/index.php?rest_route=\/wp\/v2\/types\/post"}],"author":[{"embeddable":true,"href":"https:\/\/kbv-wiesederfehn.de\/index.php?rest_route=\/wp\/v2\/users\/1"}],"replies":[{"embeddable":true,"href":"https:\/\/kbv-wiesederfehn.de\/index.php?rest_route=%2Fwp%2Fv2%2Fcomments&post=1245"}],"version-history":[{"count":1,"href":"https:\/\/kbv-wiesederfehn.de\/index.php?rest_route=\/wp\/v2\/posts\/1245\/revisions"}],"predecessor-version":[{"id":1247,"href":"https:\/\/kbv-wiesederfehn.de\/index.php?rest_route=\/wp\/v2\/posts\/1245\/revisions\/1247"}],"wp:attachment":[{"href":"https:\/\/kbv-wiesederfehn.de\/index.php?rest_route=%2Fwp%2Fv2%2Fmedia&parent=1245"}],"wp:term":[{"taxonomy":"category","embeddable":true,"href":"https:\/\/kbv-wiesederfehn.de\/index.php?rest_route=%2Fwp%2Fv2%2Fcategories&post=1245"},{"taxonomy":"post_tag","embeddable":true,"href":"https:\/\/kbv-wiesederfehn.de\/index.php?rest_route=%2Fwp%2Fv2%2Ftags&post=1245"}],"curies":[{"name":"wp","href":"https:\/\/api.w.org\/{rel}","templated":true}]}}