{"id":3764,"date":"2021-03-17T13:30:57","date_gmt":"2021-03-17T13:30:57","guid":{"rendered":"http:\/\/kbv-wiesederfehn.de\/?p=3764"},"modified":"2021-03-17T13:31:29","modified_gmt":"2021-03-17T13:31:29","slug":"jugendtraining-bis-14-jahre-neustart-nochmal-ausgesetzt","status":"publish","type":"post","link":"https:\/\/kbv-wiesederfehn.de\/?p=3764","title":{"rendered":"Jugendtraining bis 14 Jahre \u2013 Neustart nochmal ausgesetzt!"},"content":{"rendered":"\n<p>Liebe Jugendbo\u00dfler, liebe Eltern,<\/p>\n\n\n\n<p>die aktuellen Corona-Bedingungen machen ein Training mit Jugendbo\u00dflern unter 14 Jahren rechtlich in Gruppen bis 20 Jugendliche mit 2 Betreuern wieder m\u00f6glich. \u00dcber dieses Lockerung haben wir uns sehr gefreut und auch den Trainings-Neustart schon geplant. Auch wir Jugendbetreuer vermissen das Training mit unseren Jugendgruppen sehr und k\u00f6nnen den Neustart gar nicht mehr erwarten. Nach langer und reiflicher \u00dcberlegung haben wir uns trotzdem entschlossen doch noch zwei Wochen die Lage weiter zu beobachten und noch mit dem Neustart zu warten.<\/p>\n\n\n\n<p>Warum?<\/p>\n\n\n\n<p>Im Kindergarten und in der Schule werden mit gro\u00dfem Aufwand die Klassen und Gruppen getrennt, bzw. sind nur zur H\u00e4lfte im Schulbetrieb &#8211; es soll ein vermischen dieser sog. Kohorten vermieden werden. Aktuell gibt es in Wiesmoor in der Schule bzw. Kinderg\u00e4rten neue Corona-Ausbr\u00fcche, auch mit einer Virusmutante!<\/p>\n\n\n\n<p>In unseren Jugendmannschaften kommen Jugendbo\u00dfler aus verschiedenen Klassen bzw. Gruppen zusammen, wir w\u00fcrden somit f\u00fcr ein vermischen von Kindern aus verschiedenen Klassen sorgen. Auch wenn dies rechtlich so m\u00f6glich ist, sind wir uns unserer Verantwortung als Sportverein bewusst. Ganz besonders auch deshalb, weil ein Teil unserer Jugendbetreuer selber an der Schule bzw. im Kindergarten t\u00e4tig ist.<\/p>\n\n\n\n<p>Wir wollen und m\u00fcssen uns mit den aktuellen Bedingungen arrangieren und das beste daraus machen. Wir wollen wieder bo\u00dfeln, gerade weil unser Sport im Grunde ja fast kontaktlos m\u00f6glich ist, wir bitten trotzdem um Euer Verst\u00e4ndnis f\u00fcr unsere Entscheidung.<\/p>\n\n\n\n<p>Wir melden uns in K\u00fcrze wieder!<\/p>\n\n\n\n<p>Eure Jugendbetreuer und Euer Vorstandsteam<\/p>\n","protected":false},"excerpt":{"rendered":"<p>Liebe Jugendbo\u00dfler, liebe Eltern, die aktuellen Corona-Bedingungen machen ein Training mit Jugendbo\u00dflern unter 14 Jahren rechtlich in Gruppen bis 20 Jugendliche mit 2 Betreuern wieder m\u00f6glich. \u00dcber dieses Lockerung haben&#8230;<\/p>\n<p class=\"continue-reading-button\"> <a class=\"continue-reading-link\" href=\"https:\/\/kbv-wiesederfehn.de\/?p=3764\">Mehr lesen<i class=\"crycon-right-dir\"><\/i><\/a><\/p>\n","protected":false},"author":1,"featured_media":0,"comment_status":"closed","ping_status":"closed","sticky":false,"template":"","format":"standard","meta":{"ngg_post_thumbnail":0,"footnotes":""},"categories":[12,18],"tags":[],"class_list":["post-3764","post","type-post","status-publish","format-standard","hentry","category-jugend","category-saison-20-21"],"_links":{"self":[{"href":"https:\/\/kbv-wiesederfehn.de\/index.php?rest_route=\/wp\/v2\/posts\/3764","targetHints":{"allow":["GET"]}}],"collection":[{"href":"https:\/\/kbv-wiesederfehn.de\/index.php?rest_route=\/wp\/v2\/posts"}],"about":[{"href":"https:\/\/kbv-wiesederfehn.de\/index.php?rest_route=\/wp\/v2\/types\/post"}],"author":[{"embeddable":true,"href":"https:\/\/kbv-wiesederfehn.de\/index.php?rest_route=\/wp\/v2\/users\/1"}],"replies":[{"embeddable":true,"href":"https:\/\/kbv-wiesederfehn.de\/index.php?rest_route=%2Fwp%2Fv2%2Fcomments&post=3764"}],"version-history":[{"count":2,"href":"https:\/\/kbv-wiesederfehn.de\/index.php?rest_route=\/wp\/v2\/posts\/3764\/revisions"}],"predecessor-version":[{"id":3766,"href":"https:\/\/kbv-wiesederfehn.de\/index.php?rest_route=\/wp\/v2\/posts\/3764\/revisions\/3766"}],"wp:attachment":[{"href":"https:\/\/kbv-wiesederfehn.de\/index.php?rest_route=%2Fwp%2Fv2%2Fmedia&parent=3764"}],"wp:term":[{"taxonomy":"category","embeddable":true,"href":"https:\/\/kbv-wiesederfehn.de\/index.php?rest_route=%2Fwp%2Fv2%2Fcategories&post=3764"},{"taxonomy":"post_tag","embeddable":true,"href":"https:\/\/kbv-wiesederfehn.de\/index.php?rest_route=%2Fwp%2Fv2%2Ftags&post=3764"}],"curies":[{"name":"wp","href":"https:\/\/api.w.org\/{rel}","templated":true}]}}