{"id":3922,"date":"2021-10-04T08:01:06","date_gmt":"2021-10-04T08:01:06","guid":{"rendered":"http:\/\/kbv-wiesederfehn.de\/?p=3922"},"modified":"2021-10-04T08:04:39","modified_gmt":"2021-10-04T08:04:39","slug":"geburtstagsfeiern-polterabende-usw-wieder-fast-ohne-einschraenkungen-moeglich-im-dg-haus-wiesederfehn","status":"publish","type":"post","link":"https:\/\/kbv-wiesederfehn.de\/?p=3922","title":{"rendered":"Geburtstagsfeiern, Polterabende usw. wieder (fast) ohne Einschr\u00e4nkungen m\u00f6glich im DG-Haus Wiesederfehn!"},"content":{"rendered":"\n<p><strong>Entspannte Vorbereitungs- und Aufr\u00e4umzeit durch einmalige Belegung pro Wochenende!<\/strong><\/p>\n\n\n\n<p>Endlich lassen die aktuellen Lockerungen auch wieder private Feiern im Dorfgemeinschaftshaus in Wiesederfehn in entspannter Atmosph\u00e4re und mit nur sehr wenigen Auflagen zu. Gem\u00e4\u00df der aktuellen Corona-Verordnung des Landes Niedersachsen vom 22.09.2021 gibt es unabh\u00e4ngig von einer Warnstufe KEINE Beschr\u00e4nkung bei der Anzahl der Personen oder der Haushalte!<\/p>\n\n\n\n<p>Ab 25 Teilnehmern ist allerdings eine Kontakterhebung vorgeschrieben. Hier zu reicht eine G\u00e4steliste mit den Kontaktdaten aller G\u00e4ste (Namen, Adresse, Telefonnummern) oder die Registrierung in einer Kontaktnachverfolgungsapp. Durch die<strong> Anwendung der 3 G-Regelung<\/strong> f\u00fcr alle G\u00e4ste (evtl. Helfer und Bedienpersonal nicht vergessen) kann ganz entspannt gefeiert und getanzt werden. <strong>Eine Abstands- und Maskenpflicht gibt es dann nicht<\/strong>, Essen vom B\u00fcfett und ausgelassener Thekenbetrieb gehen nat\u00fcrlich auch wieder! Diese Regelungen gelten auch bei Eintritt der Warnstufen 1-3 oder bei \u00dcberschreitung der Inzidenz von 50, somit ist wieder eine Planbarkeit f\u00fcr eine Private Feier im Dorfgemeinschaftshaus gegeben!<\/p>\n\n\n\n<p>Zum Neustart der Nutzung f\u00fcr Private Feiern wurden auch neue Belegungsregeln festgelegt. Die Vergangenheit hat gezeigt, dass es bei Doppelbelegung z.B. am Freitag und am Samstag kaum ausreichend Zeit f\u00fcr die Vorbereitungen und Aufr\u00e4umarbeiten vorhanden war. Dieser Stress soll durch die einmalige Belegung am Wochenende vermieden werden. Bei einer Feier am Samstag kann z.B. bereits am Freitag in Ruhe alles vorbereitet werden. Nach der Feier kann ebenso in Ruhe am Sonntag auf- und ausger\u00e4umt werden, die Endreinigung erfolgt erst am Montag. Diese Regelung soll den Wohlf\u00fchrwert einer sch\u00f6nen Feier in den tollen R\u00e4umen des Dorfgemeinschaftshauses noch weiter erh\u00f6hen.&nbsp;<\/p>\n\n\n\n<p>W\u00e4hrend der Bo\u00dfelsaison von September bis M\u00e4rz nutzen die Bo\u00dfelmannschaften das Dorfgemeinschaftshaus f\u00fcr kurze Zusammenk\u00fcnfte am Samstagnachmittag (ca. 15-17 Uhr) und am Sonntagvormittag (ca. 11.30-13.30 Uhr) jeweils ca. 10-mal pro Saison. F\u00e4llt der Wunschtermin f\u00fcr die Private Feier mit diesen kurzen Zusammenk\u00fcnften zusammen, so hat in der Vergangenheit eine gemeinsame Nutzung in Absprache immer problemlos geklappt. Zum einen ben\u00f6tigen die Bo\u00dfelmannschaften immer nur eine Teilfl\u00e4che mit wenigen Tischen, zum anderen findet ja keine \u00dcberschneidung mit der eigentlichen Feier am Abend statt.<\/p>\n\n\n\n<p>Das Dorfgemeinschaftshaus hat ein mit der Stadt Wiesmoor abgestimmtes Hygienekonzept, so stehen z.B. an den Eing\u00e4ngen und auf den Toiletten Desinfektionsspender zu Verf\u00fcgung, f\u00fcr die Toilettennutzung gibt es Zugangsregeln usw. Das Dorfgemeinschaftshaus steht allen Mitgliedern, aber auch den Einwohner der n\u00e4heren Umgebung f\u00fcr Private Feiern zur Verf\u00fcgung. Ansprechpartner f\u00fcr Fragen und Terminabsprachen ist Gerhard Waltke, 1. Vorsitzender Dorfgemeinschaft unter Tel. 04944-6308 oder Mobil 0152-08964767. Weitere Infos und auch Bilder von den R\u00e4umlichkeiten im Dorfgemeinschaftshaus unter <a href=\"http:\/\/www.kbv-wiesederfehn.de\">www.kbv-wiesederfehn.de<\/a> .<\/p>\n\n\n\n<p>Das Hygienekonzept f\u00fcr das Dorfgemeinschaftshaus steht hier auch als <strong>Download<\/strong> zur Verf\u00fcgung!<\/p>\n\n\n\n<div class=\"wp-block-file\"><a href=\"https:\/\/kbv-wiesederfehn.de\/wp-content\/uploads\/2021\/10\/DGH-Hygienekonzept-Stand-28.09.2021.pdf\">DGH-Hygienekonzept-Stand-28.09.2021<\/a><a href=\"https:\/\/kbv-wiesederfehn.de\/wp-content\/uploads\/2021\/10\/DGH-Hygienekonzept-Stand-28.09.2021.pdf\" class=\"wp-block-file__button\" download>Herunterladen<\/a><\/div>\n","protected":false},"excerpt":{"rendered":"<p>Entspannte Vorbereitungs- und Aufr\u00e4umzeit durch einmalige Belegung pro Wochenende! Endlich lassen die aktuellen Lockerungen auch wieder private Feiern im Dorfgemeinschaftshaus in Wiesederfehn in entspannter Atmosph\u00e4re und mit nur sehr wenigen&#8230;<\/p>\n<p class=\"continue-reading-button\"> <a class=\"continue-reading-link\" href=\"https:\/\/kbv-wiesederfehn.de\/?p=3922\">Mehr lesen<i class=\"crycon-right-dir\"><\/i><\/a><\/p>\n","protected":false},"author":1,"featured_media":0,"comment_status":"closed","ping_status":"closed","sticky":false,"template":"","format":"standard","meta":{"ngg_post_thumbnail":0,"footnotes":""},"categories":[26],"tags":[],"class_list":["post-3922","post","type-post","status-publish","format-standard","hentry","category-saison-21-22"],"_links":{"self":[{"href":"https:\/\/kbv-wiesederfehn.de\/index.php?rest_route=\/wp\/v2\/posts\/3922","targetHints":{"allow":["GET"]}}],"collection":[{"href":"https:\/\/kbv-wiesederfehn.de\/index.php?rest_route=\/wp\/v2\/posts"}],"about":[{"href":"https:\/\/kbv-wiesederfehn.de\/index.php?rest_route=\/wp\/v2\/types\/post"}],"author":[{"embeddable":true,"href":"https:\/\/kbv-wiesederfehn.de\/index.php?rest_route=\/wp\/v2\/users\/1"}],"replies":[{"embeddable":true,"href":"https:\/\/kbv-wiesederfehn.de\/index.php?rest_route=%2Fwp%2Fv2%2Fcomments&post=3922"}],"version-history":[{"count":2,"href":"https:\/\/kbv-wiesederfehn.de\/index.php?rest_route=\/wp\/v2\/posts\/3922\/revisions"}],"predecessor-version":[{"id":3925,"href":"https:\/\/kbv-wiesederfehn.de\/index.php?rest_route=\/wp\/v2\/posts\/3922\/revisions\/3925"}],"wp:attachment":[{"href":"https:\/\/kbv-wiesederfehn.de\/index.php?rest_route=%2Fwp%2Fv2%2Fmedia&parent=3922"}],"wp:term":[{"taxonomy":"category","embeddable":true,"href":"https:\/\/kbv-wiesederfehn.de\/index.php?rest_route=%2Fwp%2Fv2%2Fcategories&post=3922"},{"taxonomy":"post_tag","embeddable":true,"href":"https:\/\/kbv-wiesederfehn.de\/index.php?rest_route=%2Fwp%2Fv2%2Ftags&post=3922"}],"curies":[{"name":"wp","href":"https:\/\/api.w.org\/{rel}","templated":true}]}}