{"id":4740,"date":"2023-02-28T09:19:41","date_gmt":"2023-02-28T09:19:41","guid":{"rendered":"https:\/\/kbv-wiesederfehn.de\/?p=4740"},"modified":"2023-03-03T06:39:37","modified_gmt":"2023-03-03T06:39:37","slug":"jahreshauptversammlung-des-kbv-hier-up-an-wiesederfehn","status":"publish","type":"post","link":"https:\/\/kbv-wiesederfehn.de\/?p=4740","title":{"rendered":"Jahreshauptversammlung des KBV \u201eHier up an\u201c Wiesederfehn"},"content":{"rendered":"\n<p>Am 27. Januar 2023 begr\u00fc\u00dfte der 1. Vorsitzende Holger Wilken die anwesenden Mitglieder zur Jahreshauptversammlung im Dorfgemeinschaftshaus Wiesederfehn. Darunter befanden sich auch die Ehrenmitglieder Wiard M\u00fcller und Erhard Gerdes sowie die amtierende Bl\u00fctenk\u00f6nigin Jana Gerdes, zugleich die erste Bl\u00fctenk\u00f6nigin in der Vereinsgeschichte.<\/p>\n\n\n\n<p>Nach zwei Pandemiejahren mit gro\u00dfen Einschr\u00e4nkungen konnten wieder viele Veranstaltungen stattfinden. Darunter auch das Bo\u00dfelturnier Fehntjer Cup mit dem traditionellen Sommerfest. Die Startpl\u00e4tze waren bereits fr\u00fchzeitig ausgebucht und der Verein blickt auf ein sehr erfolgreiches Turnier zur\u00fcck, dass an beiden Tagen mit vielen Bo\u00dfelfreunden, Vereinsmitgliedern und Besuchern gefeiert wurde. Zugleich war dieses Fest eine Jubil\u00e4umsveranstaltung, da das Sommerfest vor 100 Jahren im Jahr 1922 das erste Mal stattfand. Bei der Fehntjer Sommernacht am Samstag waren als \u00fcberraschende Showeinlagen \u201eDJ \u00d6tzi\u201c, \u201eRoberto Blanko\u201c und \u201eWolfgang Petri\u201c zu Gast.<\/p>\n\n\n\n<p>In diesem Jahr feiert der Verein das n\u00e4chste Jubil\u00e4um mit dem 25. Fehntjer Cup am 22. + 23. Juli. Die ersten Planungen sind angelaufen und bereits viele Startpl\u00e4tze vergeben. Interessierte sollten sich sputen, um die letzten Turnierpl\u00e4tze zu ergattern.<\/p>\n\n\n\n<p>Stellvertretende Jugendwartin Bettina Behrends berichtete von einem ereignisreichen Jahr in der Jugendabteilung. Besonders hervorzuheben sind hier die Erfolge von Amke und Jendrik Rahmann sowie Fenna Behrends, die neben den Kreiseinzelmeisterschaften im Bo\u00dfeln ebenfalls auf Landes- und FKV-Ebene Platzierungen in den Medaillenr\u00e4ngen erreicht haben.<\/p>\n\n\n\n<p>Rasenbo\u00dfeln auf dem Bolzplatz am Renkenweg als Ferienpassaktion, der Kreisjugendtag, bei dem unser Verein mit den meisten Teilnehmern teilnahm und zudem den Mannschaftssieg erzielte, sowie zwei Siege und ein zweiter Platz mit der Mannschaft beim Hollandkugelwerfen waren weitere besondere Ereignisse im vergangenen Jahr.<\/p>\n\n\n\n<p>Aus den \u00fcbrigen Mannschaften im Erwachsenenbereich wurde von einer soliden Saison berichtet, wobei einige Mannschaften, insbesondere die Frauen 1, mit dem bisherigen Saisonverlauf nicht ganz zufrieden sind.<\/p>\n\n\n\n<p>Der zweite Vorsitzende Gerrit Thiemann berichtete stellvertretend f\u00fcr den verhinderten Kassenwart Stephan Gerdes von einer guten Entwicklung des Kassenbestands, so dass im Oktober ein Helferfest gefeiert werden konnte, zu dem als kleines Dankesch\u00f6n alle Helfer und Sponsoren des Sommerfestes eingeladen waren, sowie alle Mitglieder, die sich im Laufe der letzten Jahre in irgendeiner Form f\u00fcr den Verein eingesetzt haben. Zus\u00e4tzlich konnten einige Neuanschaffungen f\u00fcr das Dorfgemeinschaftshaus get\u00e4tigt werden.<\/p>\n\n\n\n<p>Die Kassenpr\u00fcfer Wiard M\u00fcller und Daniel Reis best\u00e4tigten eine ordentliche Kassenf\u00fchrung, bei der nichts zu beanstanden war. Sie beantragten die Entlastung des Gesamtvorstandes, welche einstimmig angenommen wurde.<\/p>\n\n\n\n<p>Bei den Vorstandswahlen scheiden turnusm\u00e4\u00dfig in ungeraden Jahren zwei Mitglieder des Vorstandes durch Losentscheid aus. Dieses Los trafen den Kassenwart Stephan Gerdes und Ger\u00e4tewart Michael Meints, die von der Versammlung unter bew\u00e4hrter Leitung des Wahlleiters Christian M\u00fcller einstimmig wiedergew\u00e4hlt wurden. Zum Ersatzkassenpr\u00fcfer wurde Peter Jarchow gew\u00e4hlt.<\/p>\n\n\n\n<p>Unter den anwesenden Mitgliedern wurde Silke Schoon f\u00fcr 25 Jahre Mitgliedschaft im KBV Wiesederfehn mit der Silbernen Ehrennadel des Friesischen Klootschie\u00dfer Verbandes ausgezeichnet. Hilde Lenz und Heike Theen erhielten diese Auszeichnung aus dem Vorjahr nachgereicht. Ebenfalls nachtr\u00e4glich ausgezeichnet wurde Bernd Meyer mit der Goldenen Ehrennadel und einer Urkunde f\u00fcr 40-j\u00e4hrige Mitgliedschaft.<\/p>\n\n\n<div class=\"wp-block-image\">\n<figure class=\"aligncenter size-large\"><img loading=\"lazy\" decoding=\"async\" width=\"1024\" height=\"768\" src=\"https:\/\/kbv-wiesederfehn.de\/wp-content\/uploads\/2023\/02\/image001-1024x768.jpg\" alt=\"\" class=\"wp-image-4741\" srcset=\"https:\/\/kbv-wiesederfehn.de\/wp-content\/uploads\/2023\/02\/image001-1024x768.jpg 1024w, https:\/\/kbv-wiesederfehn.de\/wp-content\/uploads\/2023\/02\/image001-300x225.jpg 300w, https:\/\/kbv-wiesederfehn.de\/wp-content\/uploads\/2023\/02\/image001-768x576.jpg 768w, https:\/\/kbv-wiesederfehn.de\/wp-content\/uploads\/2023\/02\/image001-150x112.jpg 150w, https:\/\/kbv-wiesederfehn.de\/wp-content\/uploads\/2023\/02\/image001.jpg 1386w\" sizes=\"auto, (max-width: 1024px) 100vw, 1024px\" \/><\/figure>\n<\/div>\n\n\n<p>Auf 25-j\u00e4hrige Mitgliedschaft k\u00f6nnen ebenfalls Christian Aden, Henry Aden und Heinz-Georg Ahrends zur\u00fcckblicken, Michael Behrends, Rolf Brauner und Harald Weber auf 40 Jahre. Da diesen Mitgliedern nicht anwesend waren, wird die Ehrung zu einem sp\u00e4teren Zeitpunkt nachgeholt.<\/p>\n\n\n\n<p>Es ist geplant, in diesem Jahr unser traditionelles Totobo\u00dfeln wieder aufleben zu lassen, um auch Nichtbo\u00dfler an den Sport heranzuf\u00fchren und dadurch neue Mitglieder zu gewinnen.<\/p>\n\n\n\n<p>Lisa M\u00fcller bietet Fitnesskurse an, die im Dorfgemeinschaftshaus oder umliegenden Sporthallen durchgef\u00fchrt werden. Holger Wilken und Harald Weber haben eine Schnupperstunde besucht und angeregt, vom Verein ebenfalls einen Kurs zu buchen.<\/p>\n\n\n\n<p>F\u00fcr die 2024 anstehende Europameisterschaft in Neuharlingersiel, bei der der FKV Ausrichter ist, werden vom Verband viele Helfer ben\u00f6tigt. Es wurde vorgeschlagen, dass wir vom Verein uns als Gruppe anmelden, um dort geschlossen aufzutreten. Einige Interessierte haben sich bereits gemeldet.<\/p>\n\n\n\n<p>Am 10. und 11. Juni findet beim benachbarten Gr\u00fcnderzentrum eine Gewerbeschau statt. Wir wollen als Verein mit einer Kl\u00fcterbahn, Getr\u00e4nkestand oder \u00e4hnlichem pr\u00e4sent sein. Genaueres wird noch geplant.<\/p>\n\n\n\n<p>Frank Behrends schlug vor, die wei\u00dfe Wand hinter der Rasenfl\u00e4che neben dem Dorfgemeinschaftshaus mit einem bo\u00dfelbezogenem Graffiti zu versch\u00f6nern. Besitzer Karl-Dieter Jelken hat bereits zugestimmt.<\/p>\n\n\n\n<p>Christian M\u00fcller k\u00fcmmert sich um Umgestaltung unsere Ausstellungsvitrine im Moorkolonat, der einen neuen Standort erhalten hat.<\/p>\n\n\n\n<p>Holger Wilken bedankte sich bei den anwesenden Mitgliedern und allen Unterst\u00fctzern des Vereins f\u00fcr deren Einsatz und schloss gegen 21.45 Uhr den offiziellen Teil der Sitzung.<\/p>\n","protected":false},"excerpt":{"rendered":"<p>Am 27. Januar 2023 begr\u00fc\u00dfte der 1. Vorsitzende Holger Wilken die anwesenden Mitglieder zur Jahreshauptversammlung im Dorfgemeinschaftshaus Wiesederfehn. Darunter befanden sich auch die Ehrenmitglieder Wiard M\u00fcller und Erhard Gerdes sowie&#8230;<\/p>\n<p class=\"continue-reading-button\"> <a class=\"continue-reading-link\" href=\"https:\/\/kbv-wiesederfehn.de\/?p=4740\">Mehr lesen<i class=\"crycon-right-dir\"><\/i><\/a><\/p>\n","protected":false},"author":1,"featured_media":4741,"comment_status":"closed","ping_status":"closed","sticky":false,"template":"","format":"standard","meta":{"ngg_post_thumbnail":0,"footnotes":""},"categories":[8,28],"tags":[],"class_list":["post-4740","post","type-post","status-publish","format-standard","has-post-thumbnail","hentry","category-jahreshauptversammlung","category-saison-22-23"],"_links":{"self":[{"href":"https:\/\/kbv-wiesederfehn.de\/index.php?rest_route=\/wp\/v2\/posts\/4740","targetHints":{"allow":["GET"]}}],"collection":[{"href":"https:\/\/kbv-wiesederfehn.de\/index.php?rest_route=\/wp\/v2\/posts"}],"about":[{"href":"https:\/\/kbv-wiesederfehn.de\/index.php?rest_route=\/wp\/v2\/types\/post"}],"author":[{"embeddable":true,"href":"https:\/\/kbv-wiesederfehn.de\/index.php?rest_route=\/wp\/v2\/users\/1"}],"replies":[{"embeddable":true,"href":"https:\/\/kbv-wiesederfehn.de\/index.php?rest_route=%2Fwp%2Fv2%2Fcomments&post=4740"}],"version-history":[{"count":2,"href":"https:\/\/kbv-wiesederfehn.de\/index.php?rest_route=\/wp\/v2\/posts\/4740\/revisions"}],"predecessor-version":[{"id":4744,"href":"https:\/\/kbv-wiesederfehn.de\/index.php?rest_route=\/wp\/v2\/posts\/4740\/revisions\/4744"}],"wp:featuredmedia":[{"embeddable":true,"href":"https:\/\/kbv-wiesederfehn.de\/index.php?rest_route=\/wp\/v2\/media\/4741"}],"wp:attachment":[{"href":"https:\/\/kbv-wiesederfehn.de\/index.php?rest_route=%2Fwp%2Fv2%2Fmedia&parent=4740"}],"wp:term":[{"taxonomy":"category","embeddable":true,"href":"https:\/\/kbv-wiesederfehn.de\/index.php?rest_route=%2Fwp%2Fv2%2Fcategories&post=4740"},{"taxonomy":"post_tag","embeddable":true,"href":"https:\/\/kbv-wiesederfehn.de\/index.php?rest_route=%2Fwp%2Fv2%2Ftags&post=4740"}],"curies":[{"name":"wp","href":"https:\/\/api.w.org\/{rel}","templated":true}]}}