{"id":4798,"date":"2023-07-22T11:01:48","date_gmt":"2023-07-22T11:01:48","guid":{"rendered":"https:\/\/kbv-wiesederfehn.de\/?p=4798"},"modified":"2023-09-17T19:16:10","modified_gmt":"2023-09-17T19:16:10","slug":"25-fehntjer-cup-am-22-und-23-juli-2023-alle-informationen-zum-turnier","status":"publish","type":"post","link":"https:\/\/kbv-wiesederfehn.de\/?p=4798","title":{"rendered":"25. Fehntjer Cup am 22. und 23. Juli 2023 \u2013 alle Informationen zum Turnier!"},"content":{"rendered":"\n<p>Alle Vorbereitungen sind abgeschlossen, endlich kann der 25. Fehntjer Cup starten. Wir freuen uns riesig \u00fcber die gro\u00dfe Resonanz. Beide Turniere waren innerhalb von 2 Tagen Tage ausgebucht! Erstmals ist unser Turnier mit Silke Tulk und Jos-Bert Albers vom NKB Holland sogar International &#x1f609;!<\/p>\n\n\n<div class=\"wp-block-image\">\n<figure class=\"aligncenter size-full\"><img loading=\"lazy\" decoding=\"async\" width=\"918\" height=\"405\" src=\"https:\/\/kbv-wiesederfehn.de\/wp-content\/uploads\/2023\/07\/Vorbericht-Cupsaison-1.jpg\" alt=\"\" class=\"wp-image-4985\" srcset=\"https:\/\/kbv-wiesederfehn.de\/wp-content\/uploads\/2023\/07\/Vorbericht-Cupsaison-1.jpg 918w, https:\/\/kbv-wiesederfehn.de\/wp-content\/uploads\/2023\/07\/Vorbericht-Cupsaison-1-300x132.jpg 300w, https:\/\/kbv-wiesederfehn.de\/wp-content\/uploads\/2023\/07\/Vorbericht-Cupsaison-1-768x339.jpg 768w, https:\/\/kbv-wiesederfehn.de\/wp-content\/uploads\/2023\/07\/Vorbericht-Cupsaison-1-150x66.jpg 150w\" sizes=\"auto, (max-width: 918px) 100vw, 918px\" \/><figcaption class=\"wp-element-caption\">Beitrag vom Anzeiger f\u00fcr Harlingerland vom 01.07.2023<\/figcaption><\/figure>\n<\/div>\n\n\n<div class=\"wp-block-file aligncenter\"><a id=\"wp-block-file--media-29cad85a-f988-4126-af40-6fa4c687cf91\" href=\"https:\/\/kbv-wiesederfehn.de\/wp-content\/uploads\/2023\/04\/Flyer-Fehntjer-Cup-2023.pdf\"><br>Einladungsflyer Fehntjer Cup 2023<\/a><a href=\"https:\/\/kbv-wiesederfehn.de\/wp-content\/uploads\/2023\/04\/Flyer-Fehntjer-Cup-2023.pdf\" class=\"wp-block-file__button wp-element-button\" download aria-describedby=\"wp-block-file--media-29cad85a-f988-4126-af40-6fa4c687cf91\">Herunterladen<\/a><\/div>\n\n\n\n<div class=\"wp-block-file aligncenter\"><a id=\"wp-block-file--media-a572bd5f-217c-4124-a5d2-2ecb431e21f1\" href=\"https:\/\/kbv-wiesederfehn.de\/wp-content\/uploads\/2023\/04\/Modus-und-Anmeldeformular-Fehntjer-Cup-2023.pdf\">Regeln-und-Anmeldeformular-Fehntjer-Cup-2023<\/a><a href=\"https:\/\/kbv-wiesederfehn.de\/wp-content\/uploads\/2023\/04\/Modus-und-Anmeldeformular-Fehntjer-Cup-2023.pdf\" class=\"wp-block-file__button wp-element-button\" download aria-describedby=\"wp-block-file--media-a572bd5f-217c-4124-a5d2-2ecb431e21f1\">Herunterladen<\/a><\/div>\n\n\n\n<div class=\"wp-block-file aligncenter\"><a id=\"wp-block-file--media-1dc7da41-1e1a-458f-82b5-f03ea41bd510\" href=\"https:\/\/kbv-wiesederfehn.de\/wp-content\/uploads\/2023\/07\/Startplan-Stand-19.07.2023.pdf\">Startplan Stand 19.07.2023<\/a><a href=\"https:\/\/kbv-wiesederfehn.de\/wp-content\/uploads\/2023\/07\/Startplan-Stand-19.07.2023.pdf\" class=\"wp-block-file__button wp-element-button\" download aria-describedby=\"wp-block-file--media-1dc7da41-1e1a-458f-82b5-f03ea41bd510\">Herunterladen<\/a><\/div>\n\n\n\n<p class=\"has-text-align-center\"><strong><u>Ergebnisse Mixed-Cup:<\/u><\/strong><\/p>\n\n\n\n<div class=\"wp-block-file aligncenter\"><a id=\"wp-block-file--media-bb45a2ef-73a3-4366-a35b-df63d9eaed8a\" href=\"https:\/\/kbv-wiesederfehn.de\/wp-content\/uploads\/2023\/07\/Auswertung-1.Runde-Mixed.pdf\">Auswertung-1.Runde-Mixed-2023<\/a><a href=\"https:\/\/kbv-wiesederfehn.de\/wp-content\/uploads\/2023\/07\/Auswertung-1.Runde-Mixed.pdf\" class=\"wp-block-file__button wp-element-button\" download aria-describedby=\"wp-block-file--media-bb45a2ef-73a3-4366-a35b-df63d9eaed8a\">Herunterladen<\/a><\/div>\n\n\n\n<div class=\"wp-block-file aligncenter\"><a id=\"wp-block-file--media-7ac13fe4-3e50-45d2-b423-8bff3638f657\" href=\"https:\/\/kbv-wiesederfehn.de\/wp-content\/uploads\/2023\/07\/KO-Plan-Mixed-2023.pdf\">KO-Plan-Mixed-2023<\/a><a href=\"https:\/\/kbv-wiesederfehn.de\/wp-content\/uploads\/2023\/07\/KO-Plan-Mixed-2023.pdf\" class=\"wp-block-file__button wp-element-button\" download aria-describedby=\"wp-block-file--media-7ac13fe4-3e50-45d2-b423-8bff3638f657\">Herunterladen<\/a><\/div>\n\n\n\n<p class=\"has-text-align-center\"><strong><u>Ergebnisse M\u00e4nner-Cup:<\/u><\/strong><\/p>\n\n\n\n<div class=\"wp-block-file aligncenter\"><a id=\"wp-block-file--media-88b2703d-d326-4db5-8d29-f750bb1167e4\" href=\"https:\/\/kbv-wiesederfehn.de\/wp-content\/uploads\/2023\/07\/Auswertung-1.Runde-Maenner.pdf\">Auswertung-1.Runde-Maenner 2023<\/a><a href=\"https:\/\/kbv-wiesederfehn.de\/wp-content\/uploads\/2023\/07\/Auswertung-1.Runde-Maenner.pdf\" class=\"wp-block-file__button wp-element-button\" download aria-describedby=\"wp-block-file--media-88b2703d-d326-4db5-8d29-f750bb1167e4\">Herunterladen<\/a><\/div>\n\n\n\n<div class=\"wp-block-file aligncenter\"><a id=\"wp-block-file--media-210d4272-5e33-489d-911f-9aa9f804e3d1\" href=\"https:\/\/kbv-wiesederfehn.de\/wp-content\/uploads\/2023\/07\/KO-Plan-Maenner-2023.pdf\">KO-Plan-Maenner-2023<\/a><a href=\"https:\/\/kbv-wiesederfehn.de\/wp-content\/uploads\/2023\/07\/KO-Plan-Maenner-2023.pdf\" class=\"wp-block-file__button wp-element-button\" download aria-describedby=\"wp-block-file--media-210d4272-5e33-489d-911f-9aa9f804e3d1\">Herunterladen<\/a><\/div>\n\n\n\n<div class=\"wp-block-file aligncenter\"><a id=\"wp-block-file--media-b008dc90-8e09-421b-af67-52e06bc91389\" href=\"https:\/\/kbv-wiesederfehn.de\/wp-content\/uploads\/2023\/07\/Verlosung-2023-mit-Nummern.pdf\">Verlosung-2023-mit-Nummern<\/a><a href=\"https:\/\/kbv-wiesederfehn.de\/wp-content\/uploads\/2023\/07\/Verlosung-2023-mit-Nummern.pdf\" class=\"wp-block-file__button wp-element-button\" download aria-describedby=\"wp-block-file--media-b008dc90-8e09-421b-af67-52e06bc91389\">Herunterladen<\/a><\/div>\n\n\n\n<div class=\"wp-block-file aligncenter\"><a id=\"wp-block-file--media-50b04d7e-374e-47a8-a249-2df39c201afc\" href=\"https:\/\/kbv-wiesederfehn.de\/wp-content\/uploads\/2023\/07\/Klueterbahn-Gewinner-2023.pdf\">Kl\u00fcterbahn-Gewinner-2023<\/a><a href=\"https:\/\/kbv-wiesederfehn.de\/wp-content\/uploads\/2023\/07\/Klueterbahn-Gewinner-2023.pdf\" class=\"wp-block-file__button wp-element-button\" download aria-describedby=\"wp-block-file--media-50b04d7e-374e-47a8-a249-2df39c201afc\">Herunterladen<\/a><\/div>\n\n\n\nngg_shortcode_0_placeholder\n\n\n\n<p>Aktuelle Ergebnisse der Vorrunde und der Ko-Phase stellen wir kurz nach Abschluss der Turniere zur Verf\u00fcgung. Ebenso die Gewinnnummern der Verlosung und die Gewinner der Kl\u00fcterbahn! Folge uns auch auf<a rel=\"noreferrer noopener\" href=\"https:\/\/www.instagram.com\/kbv_wiesederfehn\/\" target=\"_blank\"> <strong>Instagramm<\/strong><\/a> und <strong><a rel=\"noreferrer noopener\" href=\"https:\/\/www.facebook.com\/KBVWiesederfehn\/\" target=\"_blank\">Facebook<\/a><\/strong>, wir wollen versuchen auch dort w\u00e4hrend der Wettk\u00e4mpfe Zwischenergebnisse zu posten!<\/p>\n\n\n\n<p>Wir freuen uns auf tolle Wettk\u00e4mpfe mit hochklassigem Friesensport, viele G\u00e4ste, Zuschauer und Fans, einfach auf ein tolles Jubil\u00e4umswochenende zum 25. Fehntjer Cup &#x1f60a;!<\/p>\n\n\n\n<p><strong><u>25. Fehntjer Cup in Wiesederfehn, ein kleiner R\u00fcckblick:<\/u><\/strong><\/p>\n\n\n\n<p>Erstmalig haben wir 1996 unser M\u00e4nnerturnier um den Fehntjer Cup ausgerichtet, die ersten Sieger waren Frido Walter, Harm Henkel und Michael Romaneesen aus Pfalzdorf. Wir sind das \u00e4lteste Turnier in Ostfriesland, nach der Einstellung des High-Light-Cups in Zetel inzwischen auch im gesamten FKV-Gebiet. Das M\u00e4nnerturnier mit 3er Teams, einmalig bei den Sommer-Cups bis heute! 1997 gingen zus\u00e4tzlich auch 3er Frauenteams an den Start, leider haben sich die Damenturniere nicht durchgesetzt. 2003 war die 7. Auflage das letzte reine Damenturnier. Seit 2004 ist daf\u00fcr das Turnier der Mixed-Mannschaften nicht mehr wegzudenken aus dem Programmablauf.<\/p>\n\n\n\n<p>2014 haben wir aus organisatorischen Gr\u00fcnden eine Turnierpause eingelegt, wegen einiger Termin\u00fcberschneidungen waren nicht gen\u00fcgen Teams angemeldet. Die Pause haben wir erfolgreich f\u00fcr die Entwicklung von einigen Neuerungen genutzt. Seit dem Restart 2015 erfreut sich unser Turnier stets einem enormen Zulauf und ist j\u00e4hrlich mit 90 Mannschaften jeweils komplett ausgebucht. Leider war wegen der Pandemie 2020 und 2021 eine Durchf\u00fchrung nicht m\u00f6glich, die 24. Auflage im letzten Jahr hat daf\u00fcr wieder neue Ma\u00dfst\u00e4be gesetzt! Die Kombination eines hochkar\u00e4tigem Friesensportturniers in Verbindung mit dem Sommerfest des Ortsteils Wiesederfehn, es entsteht ein besonderes Flair mit toller Atmosph\u00e4re! Mit viel Liebe zum Detail und gro\u00dfem Einsatz sind Jahr f\u00fcr Jahr rd. 130 Mitglieder ehrenamtlich f\u00fcr 4 Stunden im Einsatz bei der Turnierabwicklung, in den Verkaufsst\u00e4nden, bei der Kinderbetreuung, beim Seniorennachmittag, bei den Abendveranstaltungen, beim Losverkauf, als Streckenposten und vieles mehr \u2013 wir sind ein tolles Team &#x1f60a;!<\/p>\n\n\n\n<p>Aber auch unsere Sponsoren und Unterst\u00fctzer machen das Turnier erst m\u00f6glich!<\/p>\n\n\n<div class=\"wp-block-image\">\n<figure class=\"aligncenter size-large is-resized\"><img loading=\"lazy\" decoding=\"async\" src=\"https:\/\/kbv-wiesederfehn.de\/wp-content\/uploads\/2023\/04\/Fehntjer-Cup-Flyer-1-724x1024.jpg\" alt=\"\" class=\"wp-image-4791\" style=\"width:552px;height:781px\" width=\"552\" height=\"781\" srcset=\"https:\/\/kbv-wiesederfehn.de\/wp-content\/uploads\/2023\/04\/Fehntjer-Cup-Flyer-1-724x1024.jpg 724w, https:\/\/kbv-wiesederfehn.de\/wp-content\/uploads\/2023\/04\/Fehntjer-Cup-Flyer-1-212x300.jpg 212w, https:\/\/kbv-wiesederfehn.de\/wp-content\/uploads\/2023\/04\/Fehntjer-Cup-Flyer-1-768x1086.jpg 768w, https:\/\/kbv-wiesederfehn.de\/wp-content\/uploads\/2023\/04\/Fehntjer-Cup-Flyer-1-1086x1536.jpg 1086w, https:\/\/kbv-wiesederfehn.de\/wp-content\/uploads\/2023\/04\/Fehntjer-Cup-Flyer-1-1448x2048.jpg 1448w, https:\/\/kbv-wiesederfehn.de\/wp-content\/uploads\/2023\/04\/Fehntjer-Cup-Flyer-1-106x150.jpg 106w, https:\/\/kbv-wiesederfehn.de\/wp-content\/uploads\/2023\/04\/Fehntjer-Cup-Flyer-1-scaled.jpg 1810w\" sizes=\"auto, (max-width: 552px) 100vw, 552px\" \/><\/figure>\n<\/div>\n\n\n<p><strong><u>Modus &amp; Regeln Mixed- &amp; M\u00e4nnerturnier:<\/u><\/strong><\/p>\n\n\n\n<p>Eine gleiche Vereinszugeh\u00f6rigkeit ist nicht notwendig. Auch vereinslose oder passive Bo\u00dfler k\u00f6nnen teilnehmen. Werfer vom KBV Wiesederfehn sind nicht am Start. Die Teilnahme erfolgt auf eigene Gefahr, der Veranstalter haftet nicht f\u00fcr Personen- u. Sachsch\u00e4den!<\/p>\n\n\n\n<p>Alle gemeldeten Mannschaften (maximal 45) ermitteln in einem Streckenwerfen die besten 32 Mannschaften der Vorrunde. Diese Mannschaften treten im Anschluss im K.o.-System gegeneinander an, wobei die Paarungen vorgegeben sind (17-16 bis 32-1). Die K.o.-Runden werden als Streckenwerfen mit Start- und Zielvorgabe nach FKV- Regeln ausgetragen. Die Mannschaften mit den wenigsten W\u00fcrfen (bei Wurfgleichheit h\u00f6here Meterzahl) zieht in die n\u00e4chste Runde ein. Die Streckenf\u00fchrung bzw. Wurfrichtung wechselt w\u00e4hrend des Turniers!<\/p>\n\n\n\n<p>Es darf mit FKV zugelassenen 12 cm Kunststoffkugeln (M\u00e4nner), 11 cm Kunststoffkugeln (Frauen oder Jugendliche) oder mit der 10,5 cm Vierpunkt-Gummikugeln geworfen werden (Die ehemals zugelassen Kugel \u201eFKV 4\u201c darf <strong><u>nicht<\/u><\/strong> eingesetzt werden). Die Kugeln k\u00f6nnen im laufenden Wettbewerb beliebig getauscht werden, Wurfger\u00e4te sind mitzubringen und vorzuzeigen!<\/p>\n\n\n\n<p>In der Vorrunde werden die Mannschaften von Schreibern begleitet, die K.o.-Runden werden durch die Teams selbstst\u00e4ndig durchgef\u00fchrt. Der Gewinner einer Paarung ist den Ordnern zu melden.<\/p>\n\n\n\n<p>Die Anmeldungen sind verbindlich, Ummeldungen sind bis zum Start in der Vorrunde m\u00f6glich. Bei Nichtteilnahme wird das Startgeld nicht erstattet! Sollten nicht ausreichend Anmeldungen eingehen, beh\u00e4lt sich der Verein das Recht vor, die Veranstaltung abzusagen. Das Startgeld wird dann erstattet. Die Startzeiten werden grunds\u00e4tzlich nach Anmelde- bzw. Zahlungseingang vergeben: je fr\u00fcher die Zahlung eingeht, desto sp\u00e4ter die Startzeit f\u00fcr die erste Runde! Fr\u00fches Anmelden wird also belohnt! Die Startzeiten werden regelm\u00e4\u00dfig auf unserer Homepage ver\u00f6ffentlicht!<\/p>\n\n\n\n<p>Zu beachtende Abl\u00e4ufe w\u00e4hrend des Turniers werden im Vorfeld auf der Homepage ver\u00f6ffentlicht!<\/p>\n","protected":false},"excerpt":{"rendered":"<p>Alle Vorbereitungen sind abgeschlossen, endlich kann der 25. Fehntjer Cup starten. Wir freuen uns riesig \u00fcber die gro\u00dfe Resonanz. Beide Turniere waren innerhalb von 2 Tagen Tage ausgebucht! Erstmals ist&#8230;<\/p>\n<p class=\"continue-reading-button\"> <a class=\"continue-reading-link\" href=\"https:\/\/kbv-wiesederfehn.de\/?p=4798\">Mehr lesen<i class=\"crycon-right-dir\"><\/i><\/a><\/p>\n","protected":false},"author":1,"featured_media":0,"comment_status":"closed","ping_status":"closed","sticky":false,"template":"","format":"standard","meta":{"ngg_post_thumbnail":0,"footnotes":""},"categories":[2,28],"tags":[],"class_list":["post-4798","post","type-post","status-publish","format-standard","hentry","category-fehntjer-cup","category-saison-22-23"],"_links":{"self":[{"href":"https:\/\/kbv-wiesederfehn.de\/index.php?rest_route=\/wp\/v2\/posts\/4798","targetHints":{"allow":["GET"]}}],"collection":[{"href":"https:\/\/kbv-wiesederfehn.de\/index.php?rest_route=\/wp\/v2\/posts"}],"about":[{"href":"https:\/\/kbv-wiesederfehn.de\/index.php?rest_route=\/wp\/v2\/types\/post"}],"author":[{"embeddable":true,"href":"https:\/\/kbv-wiesederfehn.de\/index.php?rest_route=\/wp\/v2\/users\/1"}],"replies":[{"embeddable":true,"href":"https:\/\/kbv-wiesederfehn.de\/index.php?rest_route=%2Fwp%2Fv2%2Fcomments&post=4798"}],"version-history":[{"count":28,"href":"https:\/\/kbv-wiesederfehn.de\/index.php?rest_route=\/wp\/v2\/posts\/4798\/revisions"}],"predecessor-version":[{"id":5113,"href":"https:\/\/kbv-wiesederfehn.de\/index.php?rest_route=\/wp\/v2\/posts\/4798\/revisions\/5113"}],"wp:attachment":[{"href":"https:\/\/kbv-wiesederfehn.de\/index.php?rest_route=%2Fwp%2Fv2%2Fmedia&parent=4798"}],"wp:term":[{"taxonomy":"category","embeddable":true,"href":"https:\/\/kbv-wiesederfehn.de\/index.php?rest_route=%2Fwp%2Fv2%2Fcategories&post=4798"},{"taxonomy":"post_tag","embeddable":true,"href":"https:\/\/kbv-wiesederfehn.de\/index.php?rest_route=%2Fwp%2Fv2%2Ftags&post=4798"}],"curies":[{"name":"wp","href":"https:\/\/api.w.org\/{rel}","templated":true}]}}