{"id":4814,"date":"2023-04-27T11:37:00","date_gmt":"2023-04-27T11:37:00","guid":{"rendered":"https:\/\/kbv-wiesederfehn.de\/?p=4814"},"modified":"2023-05-31T11:37:29","modified_gmt":"2023-05-31T11:37:29","slug":"infobrief-04-2023-mit-aktuellen-informationen","status":"publish","type":"post","link":"https:\/\/kbv-wiesederfehn.de\/?p=4814","title":{"rendered":"Infobrief 04.2023 mit aktuellen Informationen!"},"content":{"rendered":"\n<p>Hier findet Ihr den aktuellen Infobrief 04.2023 mit aktuellen und wichtigen Informationen aus unserem Vereinsleben. Neben einem kleinen Statement unseres Vorstands zur aktuellen Situation sind die Einladungen zu den Vereinsmeisterschaften der Frauen und M\u00e4nner I bis V und der Jugendabteilung am 13. Mai 2023 enthalten. Es gibt erste Informationen zum Sommerfest mit dem 25. Fehntjer Cup am 22. und 23. Juli 2023 und zum Bo\u00dfelturnier f\u00fcr Freizeitmannschaften am 31. Oktober. Wir nehmen teil am 1. Ottermeerlauf und am Kinderfest der Kinderg\u00e4rten und Grundschulen. Und wir stellen Euch kurz die Besuchsm\u00f6glichkeiten bei besonderen Geburtstags- oder Ehejubil\u00e4en da. Viel Spa\u00df bei der aktuellen Ausgabe!<\/p>\n\n\n\n<p>Der Infobrief 04.2023 steht hier zum Download zur Verf\u00fcgung.<\/p>\n\n\n\n<div class=\"wp-block-file\"><a id=\"wp-block-file--media-e2e774dd-234b-4b3d-b277-0379d190ecd9\" href=\"https:\/\/kbv-wiesederfehn.de\/wp-content\/uploads\/2023\/04\/Infobrief-April-2023.pdf\">Infobrief-April-2023<\/a><a href=\"https:\/\/kbv-wiesederfehn.de\/wp-content\/uploads\/2023\/04\/Infobrief-April-2023.pdf\" class=\"wp-block-file__button wp-element-button\" download aria-describedby=\"wp-block-file--media-e2e774dd-234b-4b3d-b277-0379d190ecd9\">Herunterladen<\/a><\/div>\n\n\n<div class=\"wp-block-image\">\n<figure class=\"aligncenter size-full\"><img loading=\"lazy\" decoding=\"async\" width=\"588\" height=\"819\" src=\"https:\/\/kbv-wiesederfehn.de\/wp-content\/uploads\/2023\/04\/Foto-Infobrief-04.2023.jpg\" alt=\"\" class=\"wp-image-4816\" srcset=\"https:\/\/kbv-wiesederfehn.de\/wp-content\/uploads\/2023\/04\/Foto-Infobrief-04.2023.jpg 588w, https:\/\/kbv-wiesederfehn.de\/wp-content\/uploads\/2023\/04\/Foto-Infobrief-04.2023-215x300.jpg 215w, https:\/\/kbv-wiesederfehn.de\/wp-content\/uploads\/2023\/04\/Foto-Infobrief-04.2023-108x150.jpg 108w\" sizes=\"auto, (max-width: 588px) 100vw, 588px\" \/><\/figure>\n<\/div>","protected":false},"excerpt":{"rendered":"<p>Hier findet Ihr den aktuellen Infobrief 04.2023 mit aktuellen und wichtigen Informationen aus unserem Vereinsleben. Neben einem kleinen Statement unseres Vorstands zur aktuellen Situation sind die Einladungen zu den Vereinsmeisterschaften&#8230;<\/p>\n<p class=\"continue-reading-button\"> <a class=\"continue-reading-link\" href=\"https:\/\/kbv-wiesederfehn.de\/?p=4814\">Mehr lesen<i class=\"crycon-right-dir\"><\/i><\/a><\/p>\n","protected":false},"author":1,"featured_media":0,"comment_status":"closed","ping_status":"closed","sticky":false,"template":"","format":"standard","meta":{"ngg_post_thumbnail":0,"footnotes":""},"categories":[28],"tags":[],"class_list":["post-4814","post","type-post","status-publish","format-standard","hentry","category-saison-22-23"],"_links":{"self":[{"href":"https:\/\/kbv-wiesederfehn.de\/index.php?rest_route=\/wp\/v2\/posts\/4814","targetHints":{"allow":["GET"]}}],"collection":[{"href":"https:\/\/kbv-wiesederfehn.de\/index.php?rest_route=\/wp\/v2\/posts"}],"about":[{"href":"https:\/\/kbv-wiesederfehn.de\/index.php?rest_route=\/wp\/v2\/types\/post"}],"author":[{"embeddable":true,"href":"https:\/\/kbv-wiesederfehn.de\/index.php?rest_route=\/wp\/v2\/users\/1"}],"replies":[{"embeddable":true,"href":"https:\/\/kbv-wiesederfehn.de\/index.php?rest_route=%2Fwp%2Fv2%2Fcomments&post=4814"}],"version-history":[{"count":4,"href":"https:\/\/kbv-wiesederfehn.de\/index.php?rest_route=\/wp\/v2\/posts\/4814\/revisions"}],"predecessor-version":[{"id":4820,"href":"https:\/\/kbv-wiesederfehn.de\/index.php?rest_route=\/wp\/v2\/posts\/4814\/revisions\/4820"}],"wp:attachment":[{"href":"https:\/\/kbv-wiesederfehn.de\/index.php?rest_route=%2Fwp%2Fv2%2Fmedia&parent=4814"}],"wp:term":[{"taxonomy":"category","embeddable":true,"href":"https:\/\/kbv-wiesederfehn.de\/index.php?rest_route=%2Fwp%2Fv2%2Fcategories&post=4814"},{"taxonomy":"post_tag","embeddable":true,"href":"https:\/\/kbv-wiesederfehn.de\/index.php?rest_route=%2Fwp%2Fv2%2Ftags&post=4814"}],"curies":[{"name":"wp","href":"https:\/\/api.w.org\/{rel}","templated":true}]}}