{"id":4833,"date":"2023-05-16T11:27:17","date_gmt":"2023-05-16T11:27:17","guid":{"rendered":"https:\/\/kbv-wiesederfehn.de\/?p=4833"},"modified":"2023-05-16T11:33:26","modified_gmt":"2023-05-16T11:33:26","slug":"vereinsmeisterschaften-am-13-05-2023-ein-voller-erfolg","status":"publish","type":"post","link":"https:\/\/kbv-wiesederfehn.de\/?p=4833","title":{"rendered":"Vereinsmeisterschaften am 13.05.2023 ein voller Erfolg!"},"content":{"rendered":"\n<p>Bei bestem Wetter gingen 64 Sportler von der Jugend F bis zu den Senioren der M\u00e4nner V an den Start. Zwischen den j\u00fcngsten Teilnehmern mit 7 Jahren und dem \u00e4ltesten Starter mit 90 Jahren liegen 83 Jahre Altersunterschied! Unmittelbar nach Wettkampfende konnten die Siegerehrungen vorgenommen werden, bei k\u00fchlen Getr\u00e4nken und Bratwurst blieb dann noch Zeit f\u00fcr einen Austausch \u00fcber die Wurfleistungen.<\/p>\n\n\n\n<p>Der Start erfolgte bei den Jugendwerfern um 09.30 Uhr am DG-Haus, hier wurden 8 W\u00fcrfe absolviert. In den M\u00e4nner- und Frauenklassen waren 5 Wurf pro Durchgang zu leisten, bis zu 3 Starts waren dabei m\u00f6glich.<\/p>\n\n\n\n<p>Die Ergebnislisten stehen hier zum Download zur Verf\u00fcgung.<\/p>\n\n\n\n<div class=\"wp-block-file\"><a id=\"wp-block-file--media-2662cc3f-86d4-46c5-bd8a-c86fb27b6d68\" href=\"https:\/\/kbv-wiesederfehn.de\/wp-content\/uploads\/2023\/05\/Preiswerfen-Jugend-2023.pdf\">Preiswerfen Jugend 2023<\/a><a href=\"https:\/\/kbv-wiesederfehn.de\/wp-content\/uploads\/2023\/05\/Preiswerfen-Jugend-2023.pdf\" class=\"wp-block-file__button wp-element-button\" download aria-describedby=\"wp-block-file--media-2662cc3f-86d4-46c5-bd8a-c86fb27b6d68\">Herunterladen<\/a><\/div>\n\n\n\n<div class=\"wp-block-file\"><a id=\"wp-block-file--media-edc8b160-a760-4dbb-9a1a-e933075be96f\" href=\"https:\/\/kbv-wiesederfehn.de\/wp-content\/uploads\/2023\/05\/Preiswerfen-Maenner-und-Frauen-2023.pdf\">Preiswerfen M\u00e4nner und Frauen 2023<\/a><a href=\"https:\/\/kbv-wiesederfehn.de\/wp-content\/uploads\/2023\/05\/Preiswerfen-Maenner-und-Frauen-2023.pdf\" class=\"wp-block-file__button wp-element-button\" download aria-describedby=\"wp-block-file--media-edc8b160-a760-4dbb-9a1a-e933075be96f\">Herunterladen<\/a><\/div>\n\n\n\n<p>Hier ein paar Bilder von der sch\u00f6nen Veranstaltung.<\/p>\n\n\n\nngg_shortcode_0_placeholder\n","protected":false},"excerpt":{"rendered":"<p>Bei bestem Wetter gingen 64 Sportler von der Jugend F bis zu den Senioren der M\u00e4nner V an den Start. Zwischen den j\u00fcngsten Teilnehmern mit 7 Jahren und dem \u00e4ltesten&#8230;<\/p>\n<p class=\"continue-reading-button\"> <a class=\"continue-reading-link\" href=\"https:\/\/kbv-wiesederfehn.de\/?p=4833\">Mehr lesen<i class=\"crycon-right-dir\"><\/i><\/a><\/p>\n","protected":false},"author":1,"featured_media":4836,"comment_status":"closed","ping_status":"closed","sticky":false,"template":"","format":"standard","meta":{"ngg_post_thumbnail":0,"footnotes":""},"categories":[13,12,14],"tags":[],"class_list":["post-4833","post","type-post","status-publish","format-standard","has-post-thumbnail","hentry","category-frauen","category-jugend","category-maenner"],"_links":{"self":[{"href":"https:\/\/kbv-wiesederfehn.de\/index.php?rest_route=\/wp\/v2\/posts\/4833","targetHints":{"allow":["GET"]}}],"collection":[{"href":"https:\/\/kbv-wiesederfehn.de\/index.php?rest_route=\/wp\/v2\/posts"}],"about":[{"href":"https:\/\/kbv-wiesederfehn.de\/index.php?rest_route=\/wp\/v2\/types\/post"}],"author":[{"embeddable":true,"href":"https:\/\/kbv-wiesederfehn.de\/index.php?rest_route=\/wp\/v2\/users\/1"}],"replies":[{"embeddable":true,"href":"https:\/\/kbv-wiesederfehn.de\/index.php?rest_route=%2Fwp%2Fv2%2Fcomments&post=4833"}],"version-history":[{"count":3,"href":"https:\/\/kbv-wiesederfehn.de\/index.php?rest_route=\/wp\/v2\/posts\/4833\/revisions"}],"predecessor-version":[{"id":4840,"href":"https:\/\/kbv-wiesederfehn.de\/index.php?rest_route=\/wp\/v2\/posts\/4833\/revisions\/4840"}],"wp:featuredmedia":[{"embeddable":true,"href":"https:\/\/kbv-wiesederfehn.de\/index.php?rest_route=\/wp\/v2\/media\/4836"}],"wp:attachment":[{"href":"https:\/\/kbv-wiesederfehn.de\/index.php?rest_route=%2Fwp%2Fv2%2Fmedia&parent=4833"}],"wp:term":[{"taxonomy":"category","embeddable":true,"href":"https:\/\/kbv-wiesederfehn.de\/index.php?rest_route=%2Fwp%2Fv2%2Fcategories&post=4833"},{"taxonomy":"post_tag","embeddable":true,"href":"https:\/\/kbv-wiesederfehn.de\/index.php?rest_route=%2Fwp%2Fv2%2Ftags&post=4833"}],"curies":[{"name":"wp","href":"https:\/\/api.w.org\/{rel}","templated":true}]}}