{"id":4857,"date":"2023-05-31T11:35:44","date_gmt":"2023-05-31T11:35:44","guid":{"rendered":"https:\/\/kbv-wiesederfehn.de\/?p=4857"},"modified":"2023-05-31T11:35:59","modified_gmt":"2023-05-31T11:35:59","slug":"20-jahre-kigs-jubilaeumsfeier-am-03-06-2023-im-ottermeerstadion-wir-sind-dabei","status":"publish","type":"post","link":"https:\/\/kbv-wiesederfehn.de\/?p=4857","title":{"rendered":"20 Jahre KIGS \u2013 Jubil\u00e4umsfeier am 03.06.2023 im Ottermeerstadion! Wir sind dabei!"},"content":{"rendered":"\n<p>20 Jahre Arbeitskreis der Wiesmoorer Kindertagesst\u00e4tten und der Wiesmoorer Grundschulen wird am Samstag, 03.06.2023 mit einem Aktionsnachmittag im Ottermeerstadion Wiesmoor von 14-17 Uhr gefeiert.<\/p>\n\n\n\n<p>Wir machen mit! Wir pr\u00e4sentieren uns als Verein und unseren Bo\u00dfelsport. Zielbo\u00dfeln und ein Element aus dem Rasenbo\u00dfel-Training soll zum Mitmachen animieren. Erstmals kommt auch unser neuer Flyer \u201eKBV Hier up an Wiesederfehn e.V.&nbsp; \u2026 mehr als nur ein Sportverein\u201c zum Einsatz. Wir wollen ordentlich die Werbetrommel f\u00fcr uns und f\u00fcr unser Sommerfest r\u00fchren.<\/p>\n\n\n\n<p>Kommt gerne vorbei &#x1f609;!<\/p>\n\n\n<div class=\"wp-block-image\">\n<figure class=\"aligncenter size-full is-resized\"><img loading=\"lazy\" decoding=\"async\" src=\"https:\/\/kbv-wiesederfehn.de\/wp-content\/uploads\/2023\/05\/KIGS.jpeg\" alt=\"\" class=\"wp-image-4858\" width=\"596\" height=\"596\" srcset=\"https:\/\/kbv-wiesederfehn.de\/wp-content\/uploads\/2023\/05\/KIGS.jpeg 960w, https:\/\/kbv-wiesederfehn.de\/wp-content\/uploads\/2023\/05\/KIGS-300x300.jpeg 300w, https:\/\/kbv-wiesederfehn.de\/wp-content\/uploads\/2023\/05\/KIGS-150x150.jpeg 150w, https:\/\/kbv-wiesederfehn.de\/wp-content\/uploads\/2023\/05\/KIGS-768x768.jpeg 768w\" sizes=\"auto, (max-width: 596px) 100vw, 596px\" \/><\/figure>\n<\/div>","protected":false},"excerpt":{"rendered":"<p>20 Jahre Arbeitskreis der Wiesmoorer Kindertagesst\u00e4tten und der Wiesmoorer Grundschulen wird am Samstag, 03.06.2023 mit einem Aktionsnachmittag im Ottermeerstadion Wiesmoor von 14-17 Uhr gefeiert. Wir machen mit! Wir pr\u00e4sentieren uns&#8230;<\/p>\n<p class=\"continue-reading-button\"> <a class=\"continue-reading-link\" href=\"https:\/\/kbv-wiesederfehn.de\/?p=4857\">Mehr lesen<i class=\"crycon-right-dir\"><\/i><\/a><\/p>\n","protected":false},"author":1,"featured_media":4858,"comment_status":"closed","ping_status":"closed","sticky":false,"template":"","format":"standard","meta":{"ngg_post_thumbnail":0,"footnotes":""},"categories":[28],"tags":[],"class_list":["post-4857","post","type-post","status-publish","format-standard","has-post-thumbnail","hentry","category-saison-22-23"],"_links":{"self":[{"href":"https:\/\/kbv-wiesederfehn.de\/index.php?rest_route=\/wp\/v2\/posts\/4857","targetHints":{"allow":["GET"]}}],"collection":[{"href":"https:\/\/kbv-wiesederfehn.de\/index.php?rest_route=\/wp\/v2\/posts"}],"about":[{"href":"https:\/\/kbv-wiesederfehn.de\/index.php?rest_route=\/wp\/v2\/types\/post"}],"author":[{"embeddable":true,"href":"https:\/\/kbv-wiesederfehn.de\/index.php?rest_route=\/wp\/v2\/users\/1"}],"replies":[{"embeddable":true,"href":"https:\/\/kbv-wiesederfehn.de\/index.php?rest_route=%2Fwp%2Fv2%2Fcomments&post=4857"}],"version-history":[{"count":1,"href":"https:\/\/kbv-wiesederfehn.de\/index.php?rest_route=\/wp\/v2\/posts\/4857\/revisions"}],"predecessor-version":[{"id":4859,"href":"https:\/\/kbv-wiesederfehn.de\/index.php?rest_route=\/wp\/v2\/posts\/4857\/revisions\/4859"}],"wp:featuredmedia":[{"embeddable":true,"href":"https:\/\/kbv-wiesederfehn.de\/index.php?rest_route=\/wp\/v2\/media\/4858"}],"wp:attachment":[{"href":"https:\/\/kbv-wiesederfehn.de\/index.php?rest_route=%2Fwp%2Fv2%2Fmedia&parent=4857"}],"wp:term":[{"taxonomy":"category","embeddable":true,"href":"https:\/\/kbv-wiesederfehn.de\/index.php?rest_route=%2Fwp%2Fv2%2Fcategories&post=4857"},{"taxonomy":"post_tag","embeddable":true,"href":"https:\/\/kbv-wiesederfehn.de\/index.php?rest_route=%2Fwp%2Fv2%2Ftags&post=4857"}],"curies":[{"name":"wp","href":"https:\/\/api.w.org\/{rel}","templated":true}]}}