{"id":4914,"date":"2023-06-22T11:20:22","date_gmt":"2023-06-22T11:20:22","guid":{"rendered":"https:\/\/kbv-wiesederfehn.de\/?p=4914"},"modified":"2023-06-22T11:22:26","modified_gmt":"2023-06-22T11:22:26","slug":"3-x-bronze-bei-den-landes-einzelmeisterschaften-in-werdum-neuharlingersiel","status":"publish","type":"post","link":"https:\/\/kbv-wiesederfehn.de\/?p=4914","title":{"rendered":"3 x Bronze bei den Landes-Einzelmeisterschaften in Werdum\/Neuharlingersiel"},"content":{"rendered":"\n<p>Bei den Landes-Einzelmeisterschaften vom 16. bis 18. Juni 2023 sicherten sich R\u00fcdiger Eckstein, Talea Liebenau und Holger Wilken die Bronzemedaillen im Stra\u00dfenbo\u00dfeln.<\/p>\n\n\n\n<p>Den Auftakt machte R\u00fcdiger am Freitag bei den M\u00e4nner V Gummi auf der Powerstrecke Werdum in Richtung Buttforde. Er zeigte von Beginn an eine starke Leistung und erreichte am Ende mit 1596 m den 3. Platz.<\/p>\n\n\n\n<p>Am Samstag ging die Jugend F-B an den Start. Den j\u00fcngsten Klassen E+F wurde eine sehr schmale Stra\u00dfe mit vielen Kurven zugewiesen, wo gro\u00dfe Weiten kaum m\u00f6glich waren. Unsere Werferinnen Femke Ottersberg (weibl. Jugend F\/Holz), Amke Rahmann und Merle Brudny (beide weibl. Jugend E\/Holz) haben sich tapfer geschlagen und erreichten Pl\u00e4tze im Mittelfeld.<\/p>\n\n\n\n<p>Leevke Ottersberg startete in der weibl. Jugend D\/Holz auf der Strecke Werdum-Buttforde und erreichte mit 1088 m einen guten Platz im Mittelfeld.<\/p>\n\n\n\n<p>Fenna Behrends (weibl. Jugend B\/Gummi) warf auf der anspruchsvollen EM-Strecke 2024 Werdum in Richtung Neuharlingersiel und verpasste mit 1158 m als 4. Leider knapp die Medaillenr\u00e4nge.<\/p>\n\n\n\n<p>Am Sonntagvormittag startete Talea Liebenau (weibl. Jugend A Holz) auf der EM-Strecke Werdumer Altendeich. Sie brachte gute W\u00fcrfe auf die Stra\u00dfe und wurde am Ende mit der Bronzemedaille belohnt.<\/p>\n\n\n\n<p>Fast zeitgleich ging Holger Wilken auf der Strecke Werdum-Buttforde bei den M\u00e4nner II mit der Gummikugel an den Start. Er lieferte einen guten Wettkampf ab, anfangs fehlte ihm in einigen Passagen jedoch das n\u00f6tige Gl\u00fcck. Dieses holte ihn aber mit dem 10. Wurf doch noch ein: einige Kanten bzw. Leitpf\u00e4hle verl\u00e4ngerten seinen Wurf beachtlich und katapultierten ihn damit auf den 3. Platz zum Gewinn der Bronzemedaille.<\/p>\n\n\n\n<p>Am Nachmittag sicherten sich Torben Behrends (m\u00e4nnl. Jugend A\/Gummi), Michael Meints (M\u00e4nner I\/Holz) und Luca Renken (M\u00e4nner I\/Gummi) auf der Strecke Werdum-Neuharlingersiel gute Pl\u00e4tze im Mittelfeld. W\u00e4hrenddessen war Petra Saathoff (Frauen II\/Gummi) auf der Strecke Werdum-Buttforde unterwegs. Bei starker Konkurrenz erreichte sie mit 1.423 m einen Platz im oberen Mittelfeld. Claudia Behnke (Frauen II\/Holz) erzielte ebenfalls einen Platz im Mittelfeld.<\/p>\n\n\n\n<p>Einige Vereinsmitglieder \u00fcberraschten unsere Medaillengewinner R\u00fcdiger, Talea und Holger mit Ehrenb\u00f6gen. F\u00fcr die drei geht es bereits am n\u00e4chsten Wochenende bei den FKV-Meisterschaften auf gleicher Strecke weiter. Hierbei w\u00fcnschen wir ihnen viel Gl\u00fcck und Erfolg!<\/p>\n\n\n\n<div class=\"wp-block-file\"><a id=\"wp-block-file--media-35fc628c-c5ff-4138-b4e9-d888002948da\" href=\"https:\/\/kbv-wiesederfehn.de\/wp-content\/uploads\/2023\/06\/Startzeiten-FKV-Meisterschaften.pdf\">Startzeiten-FKV-Meisterschaften<\/a><a href=\"https:\/\/kbv-wiesederfehn.de\/wp-content\/uploads\/2023\/06\/Startzeiten-FKV-Meisterschaften.pdf\" class=\"wp-block-file__button wp-element-button\" download aria-describedby=\"wp-block-file--media-35fc628c-c5ff-4138-b4e9-d888002948da\">Herunterladen<\/a><\/div>\n\n\n\nngg_shortcode_0_placeholder\n","protected":false},"excerpt":{"rendered":"<p>Bei den Landes-Einzelmeisterschaften vom 16. bis 18. Juni 2023 sicherten sich R\u00fcdiger Eckstein, Talea Liebenau und Holger Wilken die Bronzemedaillen im Stra\u00dfenbo\u00dfeln. Den Auftakt machte R\u00fcdiger am Freitag bei den&#8230;<\/p>\n<p class=\"continue-reading-button\"> <a class=\"continue-reading-link\" href=\"https:\/\/kbv-wiesederfehn.de\/?p=4914\">Mehr lesen<i class=\"crycon-right-dir\"><\/i><\/a><\/p>\n","protected":false},"author":1,"featured_media":4922,"comment_status":"closed","ping_status":"closed","sticky":false,"template":"","format":"standard","meta":{"ngg_post_thumbnail":0,"footnotes":""},"categories":[15,28],"tags":[],"class_list":["post-4914","post","type-post","status-publish","format-standard","has-post-thumbnail","hentry","category-einzelmeisterschaften","category-saison-22-23"],"_links":{"self":[{"href":"https:\/\/kbv-wiesederfehn.de\/index.php?rest_route=\/wp\/v2\/posts\/4914","targetHints":{"allow":["GET"]}}],"collection":[{"href":"https:\/\/kbv-wiesederfehn.de\/index.php?rest_route=\/wp\/v2\/posts"}],"about":[{"href":"https:\/\/kbv-wiesederfehn.de\/index.php?rest_route=\/wp\/v2\/types\/post"}],"author":[{"embeddable":true,"href":"https:\/\/kbv-wiesederfehn.de\/index.php?rest_route=\/wp\/v2\/users\/1"}],"replies":[{"embeddable":true,"href":"https:\/\/kbv-wiesederfehn.de\/index.php?rest_route=%2Fwp%2Fv2%2Fcomments&post=4914"}],"version-history":[{"count":3,"href":"https:\/\/kbv-wiesederfehn.de\/index.php?rest_route=\/wp\/v2\/posts\/4914\/revisions"}],"predecessor-version":[{"id":4924,"href":"https:\/\/kbv-wiesederfehn.de\/index.php?rest_route=\/wp\/v2\/posts\/4914\/revisions\/4924"}],"wp:featuredmedia":[{"embeddable":true,"href":"https:\/\/kbv-wiesederfehn.de\/index.php?rest_route=\/wp\/v2\/media\/4922"}],"wp:attachment":[{"href":"https:\/\/kbv-wiesederfehn.de\/index.php?rest_route=%2Fwp%2Fv2%2Fmedia&parent=4914"}],"wp:term":[{"taxonomy":"category","embeddable":true,"href":"https:\/\/kbv-wiesederfehn.de\/index.php?rest_route=%2Fwp%2Fv2%2Fcategories&post=4914"},{"taxonomy":"post_tag","embeddable":true,"href":"https:\/\/kbv-wiesederfehn.de\/index.php?rest_route=%2Fwp%2Fv2%2Ftags&post=4914"}],"curies":[{"name":"wp","href":"https:\/\/api.w.org\/{rel}","templated":true}]}}