{"id":5080,"date":"2023-09-13T13:23:02","date_gmt":"2023-09-13T13:23:02","guid":{"rendered":"https:\/\/kbv-wiesederfehn.de\/?p=5080"},"modified":"2023-09-13T13:23:02","modified_gmt":"2023-09-13T13:23:02","slug":"infobrief-09-2023-mit-aktuellen-informationen","status":"publish","type":"post","link":"https:\/\/kbv-wiesederfehn.de\/?p=5080","title":{"rendered":"Infobrief 09.2023 mit aktuellen Informationen!"},"content":{"rendered":"<div class=\"wp-block-image\">\n<figure class=\"aligncenter size-large is-resized\"><img loading=\"lazy\" decoding=\"async\" src=\"https:\/\/kbv-wiesederfehn.de\/wp-content\/uploads\/2023\/09\/Infobrief-09.2023-1-724x1024.jpg\" alt=\"\" class=\"wp-image-5082\" style=\"width:543px;height:767px\" width=\"543\" height=\"767\" srcset=\"https:\/\/kbv-wiesederfehn.de\/wp-content\/uploads\/2023\/09\/Infobrief-09.2023-1-724x1024.jpg 724w, https:\/\/kbv-wiesederfehn.de\/wp-content\/uploads\/2023\/09\/Infobrief-09.2023-1-212x300.jpg 212w, https:\/\/kbv-wiesederfehn.de\/wp-content\/uploads\/2023\/09\/Infobrief-09.2023-1-768x1086.jpg 768w, https:\/\/kbv-wiesederfehn.de\/wp-content\/uploads\/2023\/09\/Infobrief-09.2023-1-1086x1536.jpg 1086w, https:\/\/kbv-wiesederfehn.de\/wp-content\/uploads\/2023\/09\/Infobrief-09.2023-1-1448x2048.jpg 1448w, https:\/\/kbv-wiesederfehn.de\/wp-content\/uploads\/2023\/09\/Infobrief-09.2023-1-106x150.jpg 106w, https:\/\/kbv-wiesederfehn.de\/wp-content\/uploads\/2023\/09\/Infobrief-09.2023-1-scaled.jpg 1811w\" sizes=\"auto, (max-width: 543px) 100vw, 543px\" \/><\/figure>\n<\/div>\n\n\n<p class=\"has-text-align-center\">Hier findest Du den Infobrief 09.2023 mit aktuellen und wichtigen Informationen aus unserem Vereinsleben.<\/p>\n\n\n\n<p class=\"has-text-align-center\">Am Freitag, 17. November 2023 laden wir herzlich alle Unterst\u00fctzer zum n\u00e4chsten Helferabend \u201eAbgrillen und Angrogen\u201c ein, hier sind die Infos \u2013 wir freuen uns auf viele Teilnehmer &#x1f609;. Das Freizeit-Bo\u00dfeln f\u00fcr Jedermann startet am 31.10.2023 in seine 2. Auflage, 18 Teams k\u00f6nnen an den Start gehen.<\/p>\n\n\n\n<p class=\"has-text-align-center\">Au\u00dferdem findest Du Infos zum n\u00e4chsten Einzug des Jahresbeitrages am 30.09.2023. Die Stadt und Kirche haben \u00fcbrigens die Form der Gedenkfeier zum Volkstrauertag neugestaltet, erstmals findet ein Gottesdienst im DG-Haus statt am 19. November 2023. Viel Spa\u00df beim Lesen der aktuellen Ausgabe.<\/p>\n\n\n\n<p class=\"has-text-align-center\">Der Infobrief 09.2023 steht hier zum Download zur Verf\u00fcgung.<\/p>\n\n\n\n<div class=\"wp-block-file aligncenter\"><a id=\"wp-block-file--media-fe0c1326-f6e2-44b9-b832-a89e7b934b25\" href=\"https:\/\/kbv-wiesederfehn.de\/wp-content\/uploads\/2023\/09\/Infobrief-09.2023.pdf\">Infobrief-09.2023<\/a><a href=\"https:\/\/kbv-wiesederfehn.de\/wp-content\/uploads\/2023\/09\/Infobrief-09.2023.pdf\" class=\"wp-block-file__button wp-element-button\" download aria-describedby=\"wp-block-file--media-fe0c1326-f6e2-44b9-b832-a89e7b934b25\">Herunterladen<\/a><\/div>\n","protected":false},"excerpt":{"rendered":"<p>Hier findest Du den Infobrief 09.2023 mit aktuellen und wichtigen Informationen aus unserem Vereinsleben. Am Freitag, 17. November 2023 laden wir herzlich alle Unterst\u00fctzer zum n\u00e4chsten Helferabend \u201eAbgrillen und Angrogen\u201c&#8230;<\/p>\n<p class=\"continue-reading-button\"> <a class=\"continue-reading-link\" href=\"https:\/\/kbv-wiesederfehn.de\/?p=5080\">Mehr lesen<i class=\"crycon-right-dir\"><\/i><\/a><\/p>\n","protected":false},"author":1,"featured_media":0,"comment_status":"closed","ping_status":"closed","sticky":false,"template":"","format":"standard","meta":{"ngg_post_thumbnail":0,"footnotes":""},"categories":[33],"tags":[],"class_list":["post-5080","post","type-post","status-publish","format-standard","hentry","category-saison-23-24"],"_links":{"self":[{"href":"https:\/\/kbv-wiesederfehn.de\/index.php?rest_route=\/wp\/v2\/posts\/5080","targetHints":{"allow":["GET"]}}],"collection":[{"href":"https:\/\/kbv-wiesederfehn.de\/index.php?rest_route=\/wp\/v2\/posts"}],"about":[{"href":"https:\/\/kbv-wiesederfehn.de\/index.php?rest_route=\/wp\/v2\/types\/post"}],"author":[{"embeddable":true,"href":"https:\/\/kbv-wiesederfehn.de\/index.php?rest_route=\/wp\/v2\/users\/1"}],"replies":[{"embeddable":true,"href":"https:\/\/kbv-wiesederfehn.de\/index.php?rest_route=%2Fwp%2Fv2%2Fcomments&post=5080"}],"version-history":[{"count":3,"href":"https:\/\/kbv-wiesederfehn.de\/index.php?rest_route=\/wp\/v2\/posts\/5080\/revisions"}],"predecessor-version":[{"id":5086,"href":"https:\/\/kbv-wiesederfehn.de\/index.php?rest_route=\/wp\/v2\/posts\/5080\/revisions\/5086"}],"wp:attachment":[{"href":"https:\/\/kbv-wiesederfehn.de\/index.php?rest_route=%2Fwp%2Fv2%2Fmedia&parent=5080"}],"wp:term":[{"taxonomy":"category","embeddable":true,"href":"https:\/\/kbv-wiesederfehn.de\/index.php?rest_route=%2Fwp%2Fv2%2Fcategories&post=5080"},{"taxonomy":"post_tag","embeddable":true,"href":"https:\/\/kbv-wiesederfehn.de\/index.php?rest_route=%2Fwp%2Fv2%2Ftags&post=5080"}],"curies":[{"name":"wp","href":"https:\/\/api.w.org\/{rel}","templated":true}]}}