{"id":5193,"date":"2024-02-15T09:30:28","date_gmt":"2024-02-15T09:30:28","guid":{"rendered":"https:\/\/kbv-wiesederfehn.de\/?p=5193"},"modified":"2024-02-15T09:30:28","modified_gmt":"2024-02-15T09:30:28","slug":"rekordbeteiligung-bei-der-jahreshauptversammlung-des-kbv-hier-up-an-wiesederfehn","status":"publish","type":"post","link":"https:\/\/kbv-wiesederfehn.de\/?p=5193","title":{"rendered":"Rekordbeteiligung bei der Jahreshauptversammlung des KBV \u201eHier up an\u201c Wiesederfehn!"},"content":{"rendered":"\n<p>Von den 56 Teilnehmern der Jahreshauptversammlung vom 26. Januar 2024 konnte sich keiner erinnern, dass jemals die Beteiligung so gro\u00df war. Es mussten kurzfristig noch die Sitzgelegen-heiten erweitert werden, denn damit hatte keiner gerechnet. Mit dabei waren auch die Ehren-mitglieder Frieda und Helmut Dirks, Erhard Gerdes, Wiard M\u00fcller sowie Ortsvorsteherin Ewa Gall.<\/p>\n\n\n\n<p>Einen gro\u00dfen Part nahm an diesem Abend die Ehrungen langj\u00e4hriger Mitglieder ein. Zu jedem Einzelnen hatte der 1. Vorsitzenden Holger Wilken ein paar Anekdoten parat.<\/p>\n\n\n\n<p>Unter den anwesenden Mitgliedern wurden Anke Fahnster, Martina Ottersberg und Heinz-Georg Ahrends f\u00fcr 25 Jahre Mitgliedschaft mit der Silbernen Ehrennadel des Friesischen Klootschie\u00dfer Verbandes und Susanne Jan\u00dfen, Michael Behrends, Ralf Onken, Rolf Brauner und Harald Weber f\u00fcr 40 Jahre Mitgliedschaft mit der Goldenen Ehrennadel und Urkunden ausgezeichnet.<\/p>\n\n\n\n<div class=\"wp-block-columns is-layout-flex wp-container-core-columns-is-layout-9d6595d7 wp-block-columns-is-layout-flex\">\n<div class=\"wp-block-column is-layout-flow wp-block-column-is-layout-flow\" style=\"flex-basis:100%\">\n<div class=\"wp-block-columns is-layout-flex wp-container-core-columns-is-layout-9d6595d7 wp-block-columns-is-layout-flex\">\n<div class=\"wp-block-column is-layout-flow wp-block-column-is-layout-flow\"><div class=\"wp-block-image\">\n<figure class=\"aligncenter size-large is-resized\"><img loading=\"lazy\" decoding=\"async\" width=\"1024\" height=\"768\" src=\"https:\/\/kbv-wiesederfehn.de\/wp-content\/uploads\/2024\/02\/20240126_194624-1024x768.jpg\" alt=\"\" class=\"wp-image-5194\" style=\"width:524px;height:auto\" srcset=\"https:\/\/kbv-wiesederfehn.de\/wp-content\/uploads\/2024\/02\/20240126_194624-1024x768.jpg 1024w, https:\/\/kbv-wiesederfehn.de\/wp-content\/uploads\/2024\/02\/20240126_194624-300x225.jpg 300w, https:\/\/kbv-wiesederfehn.de\/wp-content\/uploads\/2024\/02\/20240126_194624-768x576.jpg 768w, https:\/\/kbv-wiesederfehn.de\/wp-content\/uploads\/2024\/02\/20240126_194624-1536x1152.jpg 1536w, https:\/\/kbv-wiesederfehn.de\/wp-content\/uploads\/2024\/02\/20240126_194624-2048x1536.jpg 2048w, https:\/\/kbv-wiesederfehn.de\/wp-content\/uploads\/2024\/02\/20240126_194624-150x113.jpg 150w\" sizes=\"auto, (max-width: 1024px) 100vw, 1024px\" \/><\/figure>\n<\/div><\/div>\n\n\n\n<div class=\"wp-block-column is-layout-flow wp-block-column-is-layout-flow\"><div class=\"wp-block-image\">\n<figure class=\"aligncenter size-large is-resized\"><img loading=\"lazy\" decoding=\"async\" width=\"1024\" height=\"768\" src=\"https:\/\/kbv-wiesederfehn.de\/wp-content\/uploads\/2024\/02\/20240126_200556-1024x768.jpg\" alt=\"\" class=\"wp-image-5195\" style=\"width:524px\" srcset=\"https:\/\/kbv-wiesederfehn.de\/wp-content\/uploads\/2024\/02\/20240126_200556-1024x768.jpg 1024w, https:\/\/kbv-wiesederfehn.de\/wp-content\/uploads\/2024\/02\/20240126_200556-300x225.jpg 300w, https:\/\/kbv-wiesederfehn.de\/wp-content\/uploads\/2024\/02\/20240126_200556-768x576.jpg 768w, https:\/\/kbv-wiesederfehn.de\/wp-content\/uploads\/2024\/02\/20240126_200556-1536x1152.jpg 1536w, https:\/\/kbv-wiesederfehn.de\/wp-content\/uploads\/2024\/02\/20240126_200556-2048x1536.jpg 2048w, https:\/\/kbv-wiesederfehn.de\/wp-content\/uploads\/2024\/02\/20240126_200556-150x113.jpg 150w\" sizes=\"auto, (max-width: 1024px) 100vw, 1024px\" \/><\/figure>\n<\/div><\/div>\n<\/div>\n<\/div>\n<\/div>\n\n\n\n<p>Auf 25-j\u00e4hrige Mitgliedschaft kann ebenfalls Karin Rahmann zur\u00fcckblicken, sowie Marielle H\u00fcls und Hans-Dieter Ahlers auf 40 Jahre.<\/p>\n\n\n\n<p>Eine ganz besondere Ehrung nahmen an diesem Abend Frieda Dirks, Margarete Wolken und Inge Schoon entgegen: sie geh\u00f6ren zu den Gr\u00fcndungsmitgliedern des 1964 gegr\u00fcndeten Damen-bo\u00dfelvereins Wiesederfehn, der damals der erste Frauenverein im Kreisverband Friedeburg war und auch zu den Ersten im Friesischen Klootschie\u00dfer Verband geh\u00f6rte, die zu damaliger Zeit eine Vorreiterrolle \u00fcbernommen hatten. Sie wurden dabei immer von ihren M\u00e4nnern unterst\u00fctzt und auch die Geselligkeit kam nie zu kurz. Es wurden vielen Busfahrten und Fahrradtouren unternommen. Auch einige Feste mit zum Teil 400 G\u00e4sten in der fr\u00fcheren Festhalle in Wiesmoor wurden gefeiert.<\/p>\n\n\n\n<p>Unter gro\u00dfem Applaus nahmen sie die Diamantene Ehrennadel f\u00fcr 60-j\u00e4hrige Mitgliedschaft entgegen. Auch G\u00fcnther Hedemann ist 60 Jahre im Verein, nahm aber an der Versammlung nicht teil.<\/p>\n\n\n\n<p>Einen Sonderapplaus f\u00fcr 75-j\u00e4hrige Vereinsmitgliedschaft erhielt Helmut Dirks, der zu diesem Jubil\u00e4um mit einem Pr\u00e4sentkorb bedacht wurde.<\/p>\n\n\n<div class=\"wp-block-image\">\n<figure class=\"aligncenter size-large is-resized\"><img loading=\"lazy\" decoding=\"async\" width=\"1024\" height=\"768\" src=\"https:\/\/kbv-wiesederfehn.de\/wp-content\/uploads\/2024\/02\/20240126_202020-1024x768.jpg\" alt=\"\" class=\"wp-image-5196\" style=\"width:524px\" srcset=\"https:\/\/kbv-wiesederfehn.de\/wp-content\/uploads\/2024\/02\/20240126_202020-1024x768.jpg 1024w, https:\/\/kbv-wiesederfehn.de\/wp-content\/uploads\/2024\/02\/20240126_202020-300x225.jpg 300w, https:\/\/kbv-wiesederfehn.de\/wp-content\/uploads\/2024\/02\/20240126_202020-768x576.jpg 768w, https:\/\/kbv-wiesederfehn.de\/wp-content\/uploads\/2024\/02\/20240126_202020-1536x1152.jpg 1536w, https:\/\/kbv-wiesederfehn.de\/wp-content\/uploads\/2024\/02\/20240126_202020-2048x1536.jpg 2048w, https:\/\/kbv-wiesederfehn.de\/wp-content\/uploads\/2024\/02\/20240126_202020-150x113.jpg 150w\" sizes=\"auto, (max-width: 1024px) 100vw, 1024px\" \/><\/figure>\n<\/div>\n\n\n<div class=\"wp-block-columns is-layout-flex wp-container-core-columns-is-layout-9d6595d7 wp-block-columns-is-layout-flex\">\n<div class=\"wp-block-column is-layout-flow wp-block-column-is-layout-flow\"><\/div>\n<\/div>\n\n\n\n<p>Zur gro\u00dfen \u00dcberraschung von Helga Hagedorn wurde f\u00fcr sie wegen besonderer Verdienste der Antrag auf Verleihung einer Ehrenmitgliedschaft gestellt, dem einstimmig zugestimmt wurde.<\/p>\n\n\n\n<p>Helga war von 1992 bis zur Fusion im Jahr 2008 die letzte Vorsitzende des Damenbo\u00dfelvereins und war an deren Aufbau und heutigem Erfolg ma\u00dfgeblich beteiligt. Zudem war sie als Jugendbetreuerin, Festausschussmitglied, Staffelleiterin des Kreisverbandes Friedeburg und Mitglied des Schiedsgerichts viele Jahre aktiv.<\/p>\n\n\n<div class=\"wp-block-image\">\n<figure class=\"aligncenter size-large is-resized\"><img loading=\"lazy\" decoding=\"async\" width=\"1024\" height=\"768\" src=\"https:\/\/kbv-wiesederfehn.de\/wp-content\/uploads\/2024\/02\/20240126_202846-1024x768.jpg\" alt=\"\" class=\"wp-image-5197\" style=\"width:524px\" srcset=\"https:\/\/kbv-wiesederfehn.de\/wp-content\/uploads\/2024\/02\/20240126_202846-1024x768.jpg 1024w, https:\/\/kbv-wiesederfehn.de\/wp-content\/uploads\/2024\/02\/20240126_202846-300x225.jpg 300w, https:\/\/kbv-wiesederfehn.de\/wp-content\/uploads\/2024\/02\/20240126_202846-768x576.jpg 768w, https:\/\/kbv-wiesederfehn.de\/wp-content\/uploads\/2024\/02\/20240126_202846-1536x1152.jpg 1536w, https:\/\/kbv-wiesederfehn.de\/wp-content\/uploads\/2024\/02\/20240126_202846-2048x1536.jpg 2048w, https:\/\/kbv-wiesederfehn.de\/wp-content\/uploads\/2024\/02\/20240126_202846-150x113.jpg 150w\" sizes=\"auto, (max-width: 1024px) 100vw, 1024px\" \/><\/figure>\n<\/div>\n\n\n<p>Viele Veranstaltungen haben das letzte Jahr wieder gepr\u00e4gt:<\/p>\n\n\n\n<p>Im M\u00e4rz wurden bei einer M\u00fcllsammelaktion zusammen mit der Dorfgemeinschaft mit rund 20 Teilnehmer die Landschaft im Ort gereinigt. Dank unserer Sponsors Harald Weber von der Firma Umwelttechnik Weber konnten die Jugendabteilung mit neuen Trainingsanz\u00fcgen ausger\u00fcstet werden. Zudem ging Punktspielsaison zu Ende. Unsere Jugendmannschaften wurden alle Vizemeister, bei den Erwachsenen wurde gute Platzierungen im Mittelfeld erreicht.<\/p>\n\n\n\n<p>Im Mai fanden die Vereinsmeisterschaften im Jugend- und Erwachsenenbereich mit guter Beteiligung statt.<\/p>\n\n\n\n<p>Bei den Einzelmeisterschaften auf Kreis-, Landes- und FKV-Ebene im Juni wurden viele Medaillen errungen und gute Platzierungen erreicht. Besonders hervorzuheben sind die Medaillengewinne von R\u00fcdiger Eckstein und Holger Wilken bei den Landes- und FKV-Meisterschaften, sowie von Noah Liebenau auf Landesebene, wof\u00fcr die drei bei der Sportlerehrung der Stadt Wiesmoor im November besonders ausgezeichnet wurden.<\/p>\n\n\n\n<p>Am ersten 6-Stunden-Ottermeerlauf der Stadt Wiesmoor nahmen wir mit 2 Mannschaften teil. Es wurden gute Platzierungen erreicht und wir konnten zeigen, dass Bo\u00dfeler echte Sportler sind.<\/p>\n\n\n\n<p>Im Juni ist unser erster Imageflyer fertig geworden, der auf vielen Veranstaltungen verteilt wurde. Bei der Jubil\u00e4umsfeier der Kinderg\u00e4rten und Grundschulen aus Wiesmoor sowie bei der Ferienpassaktion haben wir den Teilnehmern unseren Sport demonstriert. Viele Kids sind geblieben und es konnte eine neue Trainingsgruppe mit Anf\u00e4ngern gebildet werden. Zus\u00e4tzlich mit den 4 aktiven Mannschaften ist der Nachwuchsbereich damit gut aufgestellt.<\/p>\n\n\n\n<p>Das Highlight des Jahres war wieder das Sommerfest mit dem Fehntjer-Cup im Juli. Erstmals in der Vereinsgeschichte nahmen mit Silke Tulk und Jos-Bert Aalbers aus den Niederlanden ein internationales Team teil. Zwar spielte der Wettergott an dem Wochenende nicht mit und insbesondere das Kinderfest konnte nicht wie geplant stattfinden, aber das tat der Stimmung und dem Erfolg der Veranstaltung keinen Abbruch. Eine besondere Ehrung kam an diesem Wochenende Stephan Gerdes zuteil: ohne Vorahnung wurde er f\u00fcr seine 20-j\u00e4hrige Mitgliedschaft im Vorstand von den Laudatoren Frido Walter und Silke Tulk mit der FKV-Verdienstnadel ausgezeichnet. Der Dank geht an den vielen Sponsoren und Unterst\u00fctzern, ohne die eine Veranstaltung in der Form nicht durchf\u00fchrbar w\u00e4re. Aufgrund der gro\u00dfen Nachfrage nach Startpl\u00e4tzen wird es in diesem Jahr kleine zeitliche \u00c4nderungen geben, um insbesondere im Mixed-Turnier mehr Startpl\u00e4tze anbieten zu k\u00f6nnen. 70 Anmeldungen liegen bereits vor.<\/p>\n\n\n\n<p>Im August nahmen die Jugendlichen sehr erfolgreich an den Mehrkampfmeisterschaften auf Kreisebene teil. Es wurden im Einzel drei 1. Pl\u00e4tze, zwei 2. Pl\u00e4tze und ein 3. Platz, sowie mit der Mannschaft zwei 1. Pl\u00e4tze erreicht.<\/p>\n\n\n\n<p>Im Oktober wurde noch ein Bo\u00dfelturnier f\u00fcr Freizeitmannschaften angeboten und mit den Weihnachtsfeiern der Mannschaften ging das ereignisreiche Jahr zu Ende.<\/p>\n\n\n\n<p>Bei den Vorstandswahlen standen turnusgem\u00e4\u00df in geraden Jahren alle Vorstandsmitglieder zur Wahl. Unter bew\u00e4hrter Leitung des Wahlleiters Christian M\u00fcller wurden alle einstimmig wiedergew\u00e4hlt, ebenso der erweiterte Vorstand. Neu aufgenommen wurde die Funktion des Social-Media-Wartes. Dieses Amt wird k\u00fcnftig von Svenja Schoon bekleidet. Als Kassenpr\u00fcfer wurden Hinrich Saathoff und Mario Jan\u00dfen gew\u00e4hlt. Mareike Schoon, Florian Gerdes und Kevin Jan\u00dfen verst\u00e4rken zuk\u00fcnftig den Festausschuss, aus dem Nele Gurris ausbildungsbedingt ausscheidet.<\/p>\n\n\n\n<p>Der 1. Vorsitzende Holger Wilken bedankte sich bei Allen, die zum erfolgreichen Jahr beigetragen haben und beendete nach gut 3 Stunden die Sitzung.<\/p>\n","protected":false},"excerpt":{"rendered":"<p>Von den 56 Teilnehmern der Jahreshauptversammlung vom 26. Januar 2024 konnte sich keiner erinnern, dass jemals die Beteiligung so gro\u00df war. Es mussten kurzfristig noch die Sitzgelegen-heiten erweitert werden, denn&#8230;<\/p>\n<p class=\"continue-reading-button\"> <a class=\"continue-reading-link\" href=\"https:\/\/kbv-wiesederfehn.de\/?p=5193\">Mehr lesen<i class=\"crycon-right-dir\"><\/i><\/a><\/p>\n","protected":false},"author":1,"featured_media":5197,"comment_status":"closed","ping_status":"closed","sticky":false,"template":"","format":"standard","meta":{"ngg_post_thumbnail":0,"footnotes":""},"categories":[8,33],"tags":[],"class_list":["post-5193","post","type-post","status-publish","format-standard","has-post-thumbnail","hentry","category-jahreshauptversammlung","category-saison-23-24"],"_links":{"self":[{"href":"https:\/\/kbv-wiesederfehn.de\/index.php?rest_route=\/wp\/v2\/posts\/5193","targetHints":{"allow":["GET"]}}],"collection":[{"href":"https:\/\/kbv-wiesederfehn.de\/index.php?rest_route=\/wp\/v2\/posts"}],"about":[{"href":"https:\/\/kbv-wiesederfehn.de\/index.php?rest_route=\/wp\/v2\/types\/post"}],"author":[{"embeddable":true,"href":"https:\/\/kbv-wiesederfehn.de\/index.php?rest_route=\/wp\/v2\/users\/1"}],"replies":[{"embeddable":true,"href":"https:\/\/kbv-wiesederfehn.de\/index.php?rest_route=%2Fwp%2Fv2%2Fcomments&post=5193"}],"version-history":[{"count":9,"href":"https:\/\/kbv-wiesederfehn.de\/index.php?rest_route=\/wp\/v2\/posts\/5193\/revisions"}],"predecessor-version":[{"id":5206,"href":"https:\/\/kbv-wiesederfehn.de\/index.php?rest_route=\/wp\/v2\/posts\/5193\/revisions\/5206"}],"wp:featuredmedia":[{"embeddable":true,"href":"https:\/\/kbv-wiesederfehn.de\/index.php?rest_route=\/wp\/v2\/media\/5197"}],"wp:attachment":[{"href":"https:\/\/kbv-wiesederfehn.de\/index.php?rest_route=%2Fwp%2Fv2%2Fmedia&parent=5193"}],"wp:term":[{"taxonomy":"category","embeddable":true,"href":"https:\/\/kbv-wiesederfehn.de\/index.php?rest_route=%2Fwp%2Fv2%2Fcategories&post=5193"},{"taxonomy":"post_tag","embeddable":true,"href":"https:\/\/kbv-wiesederfehn.de\/index.php?rest_route=%2Fwp%2Fv2%2Ftags&post=5193"}],"curies":[{"name":"wp","href":"https:\/\/api.w.org\/{rel}","templated":true}]}}