{"id":5290,"date":"2024-07-17T08:30:27","date_gmt":"2024-07-17T08:30:27","guid":{"rendered":"https:\/\/kbv-wiesederfehn.de\/?p=5290"},"modified":"2024-07-25T19:53:57","modified_gmt":"2024-07-25T19:53:57","slug":"26-fehntjer-cup-am-20-und-21-juli-2024-alle-informationen-zum-turnier","status":"publish","type":"post","link":"https:\/\/kbv-wiesederfehn.de\/?p=5290","title":{"rendered":"26. Fehntjer Cup am 20. und 21. Juli 2024 \u2013 alle Informationen zum Turnier!"},"content":{"rendered":"\n<p class=\"has-text-align-center\">Alle Vorbereitungen sind abgeschlossen, endlich kann der 26. Fehntjer Cup starten. Wir<br>freuen uns riesig \u00fcber die gro\u00dfe Resonanz. Beide Turniere waren innerhalb von 2 Tagen Tage<br>ausgebucht! Zum zweiten Mal ist unser Turnier wieder international, Europameisterin Silke<br>Tulk und Partner Jos-Bert Albers vom NKB Holland gehen im Mixed wieder an den Start!<\/p>\n\n\n<div class=\"wp-block-image\">\n<figure class=\"aligncenter size-full\"><img loading=\"lazy\" decoding=\"async\" width=\"596\" height=\"594\" src=\"https:\/\/kbv-wiesederfehn.de\/wp-content\/uploads\/2024\/07\/Nachbericht-Harlinger-com-23.07.2024.jpg\" alt=\"\" class=\"wp-image-5561\" srcset=\"https:\/\/kbv-wiesederfehn.de\/wp-content\/uploads\/2024\/07\/Nachbericht-Harlinger-com-23.07.2024.jpg 596w, https:\/\/kbv-wiesederfehn.de\/wp-content\/uploads\/2024\/07\/Nachbericht-Harlinger-com-23.07.2024-300x300.jpg 300w, https:\/\/kbv-wiesederfehn.de\/wp-content\/uploads\/2024\/07\/Nachbericht-Harlinger-com-23.07.2024-150x150.jpg 150w\" sizes=\"auto, (max-width: 596px) 100vw, 596px\" \/><\/figure>\n<\/div>\n\n\n<div class=\"wp-block-file aligncenter\"><a id=\"wp-block-file--media-f9e28cfd-9bb3-4e6e-bb68-e5362b5509d3\" href=\"https:\/\/kbv-wiesederfehn.de\/wp-content\/uploads\/2024\/07\/Vorbericht-Fehntjer-Cup.pdf\"><strong>Vorbericht Fehntjer-Cup<\/strong><\/a><a href=\"https:\/\/kbv-wiesederfehn.de\/wp-content\/uploads\/2024\/07\/Vorbericht-Fehntjer-Cup.pdf\" class=\"wp-block-file__button wp-element-button\" download aria-describedby=\"wp-block-file--media-f9e28cfd-9bb3-4e6e-bb68-e5362b5509d3\">Herunterladen<\/a><\/div>\n\n\n\n<div class=\"wp-block-file aligncenter\"><a id=\"wp-block-file--media-8fa6480b-f35d-4568-8f66-76e6ac15c879\" href=\"https:\/\/kbv-wiesederfehn.de\/wp-content\/uploads\/2024\/07\/Vorbericht-Cupsaison.jpg\"><strong>Vorbericht auf die Cupsaison<\/strong><\/a><a href=\"https:\/\/kbv-wiesederfehn.de\/wp-content\/uploads\/2024\/07\/Vorbericht-Cupsaison.jpg\" class=\"wp-block-file__button wp-element-button\" download aria-describedby=\"wp-block-file--media-8fa6480b-f35d-4568-8f66-76e6ac15c879\">Herunterladen<\/a><\/div>\n\n\n\n<div class=\"wp-block-file aligncenter\"><a id=\"wp-block-file--media-534ec135-a489-4575-a832-34bde97c50e7\" href=\"https:\/\/kbv-wiesederfehn.de\/wp-content\/uploads\/2024\/04\/Flyer-Fehntjer-Cup-2024.pdf\"><strong>Einladungsflyer Fehntjer Cup 2024<\/strong><\/a><a href=\"https:\/\/kbv-wiesederfehn.de\/wp-content\/uploads\/2024\/04\/Flyer-Fehntjer-Cup-2024.pdf\" class=\"wp-block-file__button wp-element-button\" download aria-describedby=\"wp-block-file--media-534ec135-a489-4575-a832-34bde97c50e7\">Herunterladen<\/a><\/div>\n\n\n\n<div class=\"wp-block-file aligncenter\"><a id=\"wp-block-file--media-56369d65-5304-4707-bb03-44bf002ba3e9\" href=\"https:\/\/kbv-wiesederfehn.de\/wp-content\/uploads\/2024\/07\/Turnierregeln.pdf\"><strong>Turnierregeln<\/strong><\/a><a href=\"https:\/\/kbv-wiesederfehn.de\/wp-content\/uploads\/2024\/07\/Turnierregeln.pdf\" class=\"wp-block-file__button wp-element-button\" download aria-describedby=\"wp-block-file--media-56369d65-5304-4707-bb03-44bf002ba3e9\">Herunterladen<\/a><\/div>\n\n\n\n<div class=\"wp-block-file aligncenter\"><a id=\"wp-block-file--media-dd11ca73-09c6-4319-8760-9ac83ff5964e\" href=\"https:\/\/kbv-wiesederfehn.de\/wp-content\/uploads\/2024\/04\/Startplan-F-Cup-2024.pdf\"><strong>Startplan Fehntjer Cup 2024<\/strong><\/a><a href=\"https:\/\/kbv-wiesederfehn.de\/wp-content\/uploads\/2024\/04\/Startplan-F-Cup-2024.pdf\" class=\"wp-block-file__button wp-element-button\" download aria-describedby=\"wp-block-file--media-dd11ca73-09c6-4319-8760-9ac83ff5964e\">Herunterladen<\/a><\/div>\n\n\n\n<p><\/p>\n\n\n\n<p class=\"has-text-align-center\"><strong>Ergebnisse Mixed-Cup:<\/strong><\/p>\n\n\n\n<div class=\"wp-block-file aligncenter\"><a id=\"wp-block-file--media-e097bcfd-7d31-4fe1-84cf-9284d93edba6\" href=\"https:\/\/kbv-wiesederfehn.de\/wp-content\/uploads\/2024\/07\/Auswertung-1.Runde-Mixed.pdf\">Auswertung 1.Runde Mixed<\/a><a href=\"https:\/\/kbv-wiesederfehn.de\/wp-content\/uploads\/2024\/07\/Auswertung-1.Runde-Mixed.pdf\" class=\"wp-block-file__button wp-element-button\" download aria-describedby=\"wp-block-file--media-e097bcfd-7d31-4fe1-84cf-9284d93edba6\">Herunterladen<\/a><\/div>\n\n\n\n<div class=\"wp-block-file aligncenter\"><a id=\"wp-block-file--media-fd331f12-a2b8-4452-a3b4-85b7a983862d\" href=\"https:\/\/kbv-wiesederfehn.de\/wp-content\/uploads\/2024\/07\/KO-Plan-Mixed-2024.pdf\">KO-Plan Mixed 2024<\/a><a href=\"https:\/\/kbv-wiesederfehn.de\/wp-content\/uploads\/2024\/07\/KO-Plan-Mixed-2024.pdf\" class=\"wp-block-file__button wp-element-button\" download aria-describedby=\"wp-block-file--media-fd331f12-a2b8-4452-a3b4-85b7a983862d\">Herunterladen<\/a><\/div>\n\n\n\n<p><\/p>\n\n\n\n<p class=\"has-text-align-center\"><strong>Ergebnisse M\u00e4nner-Cup:<\/strong><\/p>\n\n\n\n<div class=\"wp-block-file aligncenter\"><a id=\"wp-block-file--media-998ead90-188f-4966-8b87-e08e1e07f3e2\" href=\"https:\/\/kbv-wiesederfehn.de\/wp-content\/uploads\/2024\/07\/Auswertung-1.-Runde-Maenner.pdf\">Auswertung 1.Runde M\u00e4nner<\/a><a href=\"https:\/\/kbv-wiesederfehn.de\/wp-content\/uploads\/2024\/07\/Auswertung-1.-Runde-Maenner.pdf\" class=\"wp-block-file__button wp-element-button\" download aria-describedby=\"wp-block-file--media-998ead90-188f-4966-8b87-e08e1e07f3e2\">Herunterladen<\/a><\/div>\n\n\n\n<div class=\"wp-block-file aligncenter\"><a id=\"wp-block-file--media-c9647855-2b17-4691-a1d6-65e193de229b\" href=\"https:\/\/kbv-wiesederfehn.de\/wp-content\/uploads\/2024\/07\/KO-Plan-Maenner-2024.pdf\">KO-Plan M\u00e4nner 2024<\/a><a href=\"https:\/\/kbv-wiesederfehn.de\/wp-content\/uploads\/2024\/07\/KO-Plan-Maenner-2024.pdf\" class=\"wp-block-file__button wp-element-button\" download aria-describedby=\"wp-block-file--media-c9647855-2b17-4691-a1d6-65e193de229b\">Herunterladen<\/a><\/div>\n\n\n\n<p><\/p>\n\n\n\n<p><\/p>\n\n\n\n<p class=\"has-text-align-center\">Aktuelle Ergebnisse der Vorrunde und der Ko-Phase stellen wir kurz nach Abschluss der<br>Turniere zur Verf\u00fcgung. Folge uns auch auf Instagramm und Facebook, wir wollen versuchen<br>auch dort w\u00e4hrend der Wettk\u00e4mpfe Zwischenergebnisse zu posten!<br>Wir freuen uns auf tolle Wettk\u00e4mpfe mit hochklassigem Friesensport, viele G\u00e4ste, Zuschauer<br>und Fans, einfach auf ein tollen 26. Fehntjer Cup!<\/p>\n\n\n<div class=\"wp-block-image\">\n<figure class=\"aligncenter size-large is-resized\"><img loading=\"lazy\" decoding=\"async\" width=\"1024\" height=\"882\" src=\"https:\/\/kbv-wiesederfehn.de\/wp-content\/uploads\/2024\/07\/Vorbericht-Fehntjer-Cup-1024x882.jpg\" alt=\"\" class=\"wp-image-5518\" style=\"width:749px;height:auto\" srcset=\"https:\/\/kbv-wiesederfehn.de\/wp-content\/uploads\/2024\/07\/Vorbericht-Fehntjer-Cup-1024x882.jpg 1024w, https:\/\/kbv-wiesederfehn.de\/wp-content\/uploads\/2024\/07\/Vorbericht-Fehntjer-Cup-300x259.jpg 300w, https:\/\/kbv-wiesederfehn.de\/wp-content\/uploads\/2024\/07\/Vorbericht-Fehntjer-Cup-768x662.jpg 768w, https:\/\/kbv-wiesederfehn.de\/wp-content\/uploads\/2024\/07\/Vorbericht-Fehntjer-Cup-150x129.jpg 150w, https:\/\/kbv-wiesederfehn.de\/wp-content\/uploads\/2024\/07\/Vorbericht-Fehntjer-Cup.jpg 1027w\" sizes=\"auto, (max-width: 1024px) 100vw, 1024px\" \/><figcaption class=\"wp-element-caption\">Beitrag vom Anzeiger f\u00fcr Harlingerland vom 18.07.2024<\/figcaption><\/figure>\n<\/div>\n\n<div class=\"wp-block-image\">\n<figure class=\"aligncenter size-large is-resized\"><img loading=\"lazy\" decoding=\"async\" width=\"724\" height=\"1024\" src=\"https:\/\/kbv-wiesederfehn.de\/wp-content\/uploads\/2024\/04\/Flyer-Fehntjer-Cup-2024-724x1024.jpg\" alt=\"\" class=\"wp-image-5296\" style=\"width:528px;height:auto\" srcset=\"https:\/\/kbv-wiesederfehn.de\/wp-content\/uploads\/2024\/04\/Flyer-Fehntjer-Cup-2024-724x1024.jpg 724w, https:\/\/kbv-wiesederfehn.de\/wp-content\/uploads\/2024\/04\/Flyer-Fehntjer-Cup-2024-212x300.jpg 212w, https:\/\/kbv-wiesederfehn.de\/wp-content\/uploads\/2024\/04\/Flyer-Fehntjer-Cup-2024-768x1086.jpg 768w, https:\/\/kbv-wiesederfehn.de\/wp-content\/uploads\/2024\/04\/Flyer-Fehntjer-Cup-2024-1086x1536.jpg 1086w, https:\/\/kbv-wiesederfehn.de\/wp-content\/uploads\/2024\/04\/Flyer-Fehntjer-Cup-2024-106x150.jpg 106w, https:\/\/kbv-wiesederfehn.de\/wp-content\/uploads\/2024\/04\/Flyer-Fehntjer-Cup-2024.jpg 1190w\" sizes=\"auto, (max-width: 724px) 100vw, 724px\" \/><\/figure>\n<\/div>\n\n\n<p class=\"has-text-align-center\"><strong>History Fehntjer Cup in Wiesederfehn, ein kleiner R\u00fcckblick:<\/strong><\/p>\n\n\n\n<p class=\"has-text-align-center\">Erstmalig haben wir 1996 unser M\u00e4nnerturnier um den Fehntjer Cup ausgerichtet, die ersten<br>Sieger waren Frido Walter, Harm Henkel und Michael Romaneesen aus Pfalzdorf. Wir sind<br>das \u00e4lteste Turnier in Ostfriesland, nach der Einstellung des High-Light-Cups in Zetel<br>inzwischen auch im gesamten FKV-Gebiet. Das M\u00e4nnerturnier mit 3er Teams, einmalig bei<br>den Sommer-Cups bis heute! 1997 gingen zus\u00e4tzlich auch 3er Frauenteams an den Start,<\/p>\n\n\n\n<p class=\"has-text-align-center\">leider haben sich die Damenturniere nicht durchgesetzt. 2003 war die 7. Auflage das letzte<br>reine Damenturnier. Seit 2004 ist daf\u00fcr das Turnier der Mixed-Mannschaften nicht mehr<br>wegzudenken aus dem Programmablauf.<br>2014 haben wir aus organisatorischen Gr\u00fcnden eine Turnierpause eingelegt, wegen einiger<br>Termin\u00fcberschneidungen waren nicht gen\u00fcgen Teams angemeldet. Die Pause haben wir<br>erfolgreich f\u00fcr die Entwicklung von einigen Neuerungen genutzt. Seit dem Restart 2015<br>erfreut sich unser Turnier stets einem enormen Zulauf und ist j\u00e4hrlich mit 90 Mannschaften<br>jeweils komplett ausgebucht. Leider war wegen der Pandemie 2020 und 2021 eine<br>Durchf\u00fchrung nicht m\u00f6glich.<br>Die Turniere 2022 und 2023 haben wieder neue Ma\u00dfst\u00e4be gesetzt! Erstmals haben wir 2024<br>das Starterfeld im Mixedturnier auf 54 Mannschaften vergr\u00f6\u00dfert. Die Kombination eines<br>hochkar\u00e4tigem Friesensportturniers in Verbindung mit dem Sommerfest des Ortsteils<br>Wiesederfehn, daraus entsteht ein besonderes Flair mit toller Atmosph\u00e4re! Mit viel Liebe zum<br>Detail und gro\u00dfem Einsatz sind Jahr f\u00fcr Jahr rd. 130 Mitglieder ehrenamtlich f\u00fcr 4 Stunden<br>im Einsatz bei der Turnierabwicklung, in den Verkaufsst\u00e4nden, bei der Kinderbetreuung, bei<br>den Abendveranstaltungen, beim Losverkauf, als Streckenposten und vieles mehr \u2013 wir sind<br>ein tolles Team!<br>Aber auch unsere Hauptsponsoren und Unterst\u00fctzer machen das Turnier erst m\u00f6glich! \u00dcber<br>70 weitere Firmen unterst\u00fctzen uns bei der Tombola. Wir sind jedes Jahr begeistert von dem<br>gro\u00dfen Zuspruch aus Einzelhandel und Gewerbe!<\/p>\n\n\n\n<div class=\"wp-block-columns is-layout-flex wp-container-core-columns-is-layout-9d6595d7 wp-block-columns-is-layout-flex\">\n<div class=\"wp-block-column is-layout-flow wp-block-column-is-layout-flow\" style=\"flex-basis:25%\"><\/div>\n\n\n\n<div class=\"wp-block-column is-layout-flow wp-block-column-is-layout-flow\" style=\"flex-basis:50%\">\n<figure class=\"wp-block-video\"><video height=\"1080\" style=\"aspect-ratio: 1080 \/ 1080;\" width=\"1080\" controls src=\"https:\/\/kbv-wiesederfehn.de\/wp-content\/uploads\/2024\/07\/977cccde-0e7f-4920-972b-1c21864088b8.mp4\"><\/video><\/figure>\n<\/div>\n\n\n\n<div class=\"wp-block-column is-layout-flow wp-block-column-is-layout-flow\" style=\"flex-basis:25%\"><\/div>\n<\/div>\n\n\n\n<p><\/p>\n\n\n\n<p class=\"has-text-align-center\"><strong>Modus &amp; Regeln Mixed- &amp; M\u00e4nnerturnier:<\/strong><\/p>\n\n\n\n<p class=\"has-text-align-center\">Eine gleiche Vereinszugeh\u00f6rigkeit ist nicht notwendig. Auch vereinslose oder passive Bo\u00dfler<br>k\u00f6nnen teilnehmen. Werfer vom KBV Wiesederfehn sind nicht am Start. Die Teilnahme<br>erfolgt auf eigene Gefahr, der Veranstalter haftet nicht f\u00fcr Personen- u. Sachsch\u00e4den!<br>Alle gemeldeten Mannschaften (maximal 45 im M\u00e4nnerturnier bzw. 54 Mannschaften im<br>Mixed) ermitteln in einem Streckenwerfen die besten 32 Mannschaften der Vorrunde. Diese<br>Mannschaften treten im Anschluss im K.o.-System gegeneinander an, wobei die Paarungen<br>vorgegeben sind (17-16 bis 32-1). Die K.o.-Runden werden als Streckenwerfen mit Start- und<br>Zielvorgabe nach FKV- Regeln ausgetragen. Die Mannschaften mit den wenigsten W\u00fcrfen<br>(bei Wurfgleichheit h\u00f6here Meterzahl) zieht in die n\u00e4chste Runde ein. Die Streckenf\u00fchrung<br>bzw. Wurfrichtung wechselt w\u00e4hrend des Turniers!<br>Es darf mit FKV zugelassenen 12 cm Kunststoffkugeln (M\u00e4nner), 11 cm Kunststoffkugeln<br>(Frauen oder Jugendliche) oder mit der 10,5 cm Vierpunkt-Gummikugeln geworfen werden<br>(Die ehemals zugelassen Kugel \u201eFKV 4\u201c darf nicht eingesetzt werden). Die Kugeln k\u00f6nnen<br>im laufenden Wettbewerb beliebig getauscht werden, Wurfger\u00e4te sind mitzubringen und<br>vorzuzeigen!<\/p>\n\n\n\n<p class=\"has-text-align-center\">In der Vorrunde werden die Mannschaften von Schreibern begleitet, die K.o.-Runden werden<br>durch die Teams selbstst\u00e4ndig durchgef\u00fchrt. Der Gewinner einer Paarung ist den Ordnern zu<br>melden.<br>Die Anmeldungen sind verbindlich, Ummeldungen sind bis zum Start in der Vorrunde<br>m\u00f6glich. Bei Nichtteilnahme wird das Startgeld nicht erstattet! Sollten nicht ausreichend<br>Anmeldungen eingehen, beh\u00e4lt sich der Verein das Recht vor, die Veranstaltung abzusagen.<br>Das Startgeld wird dann erstattet. Die Startzeiten werden grunds\u00e4tzlich nach Anmelde- bzw.<br>Zahlungseingang vergeben: je fr\u00fcher die Zahlung eingeht, desto sp\u00e4ter die Startzeit f\u00fcr die<br>erste Runde! Fr\u00fches Anmelden wird also belohnt! Die Startzeiten werden regelm\u00e4\u00dfig auf<br>unserer Homepage ver\u00f6ffentlicht!<br>Zu beachtende Abl\u00e4ufe w\u00e4hrend des Turniers werden im Vorfeld auf der Homepage<br>ver\u00f6ffentlicht!<\/p>\n","protected":false},"excerpt":{"rendered":"<p>Alle Vorbereitungen sind abgeschlossen, endlich kann der 26. Fehntjer Cup starten. Wirfreuen uns riesig \u00fcber die gro\u00dfe Resonanz. Beide Turniere waren innerhalb von 2 Tagen Tageausgebucht! Zum zweiten Mal ist&#8230;<\/p>\n<p class=\"continue-reading-button\"> <a class=\"continue-reading-link\" href=\"https:\/\/kbv-wiesederfehn.de\/?p=5290\">Mehr lesen<i class=\"crycon-right-dir\"><\/i><\/a><\/p>\n","protected":false},"author":1,"featured_media":0,"comment_status":"closed","ping_status":"open","sticky":false,"template":"","format":"standard","meta":{"ngg_post_thumbnail":0,"footnotes":""},"categories":[2,33],"tags":[],"class_list":["post-5290","post","type-post","status-publish","format-standard","hentry","category-fehntjer-cup","category-saison-23-24"],"_links":{"self":[{"href":"https:\/\/kbv-wiesederfehn.de\/index.php?rest_route=\/wp\/v2\/posts\/5290","targetHints":{"allow":["GET"]}}],"collection":[{"href":"https:\/\/kbv-wiesederfehn.de\/index.php?rest_route=\/wp\/v2\/posts"}],"about":[{"href":"https:\/\/kbv-wiesederfehn.de\/index.php?rest_route=\/wp\/v2\/types\/post"}],"author":[{"embeddable":true,"href":"https:\/\/kbv-wiesederfehn.de\/index.php?rest_route=\/wp\/v2\/users\/1"}],"replies":[{"embeddable":true,"href":"https:\/\/kbv-wiesederfehn.de\/index.php?rest_route=%2Fwp%2Fv2%2Fcomments&post=5290"}],"version-history":[{"count":38,"href":"https:\/\/kbv-wiesederfehn.de\/index.php?rest_route=\/wp\/v2\/posts\/5290\/revisions"}],"predecessor-version":[{"id":5563,"href":"https:\/\/kbv-wiesederfehn.de\/index.php?rest_route=\/wp\/v2\/posts\/5290\/revisions\/5563"}],"wp:attachment":[{"href":"https:\/\/kbv-wiesederfehn.de\/index.php?rest_route=%2Fwp%2Fv2%2Fmedia&parent=5290"}],"wp:term":[{"taxonomy":"category","embeddable":true,"href":"https:\/\/kbv-wiesederfehn.de\/index.php?rest_route=%2Fwp%2Fv2%2Fcategories&post=5290"},{"taxonomy":"post_tag","embeddable":true,"href":"https:\/\/kbv-wiesederfehn.de\/index.php?rest_route=%2Fwp%2Fv2%2Ftags&post=5290"}],"curies":[{"name":"wp","href":"https:\/\/api.w.org\/{rel}","templated":true}]}}