{"id":5820,"date":"2024-12-30T15:03:43","date_gmt":"2024-12-30T15:03:43","guid":{"rendered":"https:\/\/kbv-wiesederfehn.de\/?p=5820"},"modified":"2024-12-30T15:07:02","modified_gmt":"2024-12-30T15:07:02","slug":"jahreshauptversammlung-am-freitag-24-januar-2025-um-19-30-uhr","status":"publish","type":"post","link":"https:\/\/kbv-wiesederfehn.de\/?p=5820","title":{"rendered":"Jahreshauptversammlung am Freitag, 24. Januar 2025 um 19.30 Uhr!"},"content":{"rendered":"\n<p class=\"has-text-align-left\">Der Vorstand l\u00e4dt alle Vereinsmitglieder zur diesj\u00e4hrigen Jahreshauptversammlung ein und hofft auf rege Beteiligung.<\/p>\n\n\n\n<p><\/p>\n\n\n\n<p><strong>TAGESORDNUNG:<\/strong><\/p>\n\n\n\n<ol class=\"wp-block-list\">\n<li><strong>Begr\u00fc\u00dfung &#8211; Protokoll 2024 \/ Auslage<\/strong><\/li>\n\n\n\n<li><strong>Bericht des Vorstandes<\/strong><br>a. Jahresbericht<br>b. Jugendbericht<br>c. Saisonberichte: Frauen I, Frauen II, M\u00e4nner I, M\u00e4nner II, M\u00e4nner III, M\u00e4nner<br>IV\/V<\/li>\n\n\n\n<li><strong>Kassenbericht<\/strong><br>a. Kassenpr\u00fcfungsbericht<br>b. Entlastung des Vorstandes<\/li>\n\n\n\n<li><strong>Mitgliedswesen<\/strong><br>a. Aufnahme neuer Mitglieder<\/li>\n\n\n\n<li><strong>Wahlen:<\/strong><br>a. Wahlleiter<br>b. Wahlen zum Vorstand \/ Erw. Vorstand<br>c. Kassenpr\u00fcferwahl<br>d. Wahlen zum Festausschuss<\/li>\n\n\n\n<li><strong>Ausblick 27. Fehntjer Cup und Sommerfest 19. und 20. Juli 2025<\/strong><\/li>\n\n\n\n<li><strong>Dorfgemeinschaftshaus \u2013 Betrieb u. Anschaffungen<\/strong><\/li>\n\n\n\n<li><strong>Ehrungen<\/strong><\/li>\n\n\n\n<li><strong>Antr\u00e4ge, Anregungen<\/strong><br>Bitte beachten: Sollte die Versammlung wegen zu geringer Teilnehmerzahl nicht<br>beschlussf\u00e4hig sein, laden wir hiermit satzungsgem\u00e4\u00df gleichzeitig f\u00fcr die nachfolgende<br>Mitgliederversammlung ein. Diese wird dann am selben Abend um 20.00 Uhr mit<br>gleichlautender Tagesordnung im Dorfgemeinschaftshaus durchgef\u00fchrt und ist unabh\u00e4ngig<br>von der Teilnehmerzahl beschlussf\u00e4hig!<\/li>\n<\/ol>\n\n\n\n<div class=\"wp-block-file alignleft\"><a id=\"wp-block-file--media-d0acd7d5-2599-4acb-a7c4-671f1a7a26a9\" href=\"https:\/\/kbv-wiesederfehn.de\/wp-content\/uploads\/2024\/12\/Einladung-KBV-JHV-2025.pdf\">Einladung Jahreshauptversammlung 2025<\/a><a href=\"https:\/\/kbv-wiesederfehn.de\/wp-content\/uploads\/2024\/12\/Einladung-KBV-JHV-2025.pdf\" class=\"wp-block-file__button wp-element-button\" download aria-describedby=\"wp-block-file--media-d0acd7d5-2599-4acb-a7c4-671f1a7a26a9\">Herunterladen<\/a><\/div>\n","protected":false},"excerpt":{"rendered":"<p>Der Vorstand l\u00e4dt alle Vereinsmitglieder zur diesj\u00e4hrigen Jahreshauptversammlung ein und hofft auf rege Beteiligung. TAGESORDNUNG:<\/p>\n<p class=\"continue-reading-button\"> <a class=\"continue-reading-link\" href=\"https:\/\/kbv-wiesederfehn.de\/?p=5820\">Mehr lesen<i class=\"crycon-right-dir\"><\/i><\/a><\/p>\n","protected":false},"author":1,"featured_media":0,"comment_status":"closed","ping_status":"closed","sticky":false,"template":"","format":"standard","meta":{"ngg_post_thumbnail":0,"footnotes":""},"categories":[8,35],"tags":[],"class_list":["post-5820","post","type-post","status-publish","format-standard","hentry","category-jahreshauptversammlung","category-saison-24-25"],"_links":{"self":[{"href":"https:\/\/kbv-wiesederfehn.de\/index.php?rest_route=\/wp\/v2\/posts\/5820","targetHints":{"allow":["GET"]}}],"collection":[{"href":"https:\/\/kbv-wiesederfehn.de\/index.php?rest_route=\/wp\/v2\/posts"}],"about":[{"href":"https:\/\/kbv-wiesederfehn.de\/index.php?rest_route=\/wp\/v2\/types\/post"}],"author":[{"embeddable":true,"href":"https:\/\/kbv-wiesederfehn.de\/index.php?rest_route=\/wp\/v2\/users\/1"}],"replies":[{"embeddable":true,"href":"https:\/\/kbv-wiesederfehn.de\/index.php?rest_route=%2Fwp%2Fv2%2Fcomments&post=5820"}],"version-history":[{"count":16,"href":"https:\/\/kbv-wiesederfehn.de\/index.php?rest_route=\/wp\/v2\/posts\/5820\/revisions"}],"predecessor-version":[{"id":5827,"href":"https:\/\/kbv-wiesederfehn.de\/index.php?rest_route=\/wp\/v2\/posts\/5820\/revisions\/5827"}],"wp:attachment":[{"href":"https:\/\/kbv-wiesederfehn.de\/index.php?rest_route=%2Fwp%2Fv2%2Fmedia&parent=5820"}],"wp:term":[{"taxonomy":"category","embeddable":true,"href":"https:\/\/kbv-wiesederfehn.de\/index.php?rest_route=%2Fwp%2Fv2%2Fcategories&post=5820"},{"taxonomy":"post_tag","embeddable":true,"href":"https:\/\/kbv-wiesederfehn.de\/index.php?rest_route=%2Fwp%2Fv2%2Ftags&post=5820"}],"curies":[{"name":"wp","href":"https:\/\/api.w.org\/{rel}","templated":true}]}}