{"id":6304,"date":"2026-03-13T14:07:25","date_gmt":"2026-03-13T14:07:25","guid":{"rendered":"https:\/\/kbv-wiesederfehn.de\/?p=6304"},"modified":"2026-03-20T08:07:45","modified_gmt":"2026-03-20T08:07:45","slug":"jahreshauptversammlung-2026","status":"publish","type":"post","link":"https:\/\/kbv-wiesederfehn.de\/?p=6304","title":{"rendered":"Jahreshauptversammlung 2026"},"content":{"rendered":"<div class=\"wp-block-image\">\n<figure class=\"aligncenter size-large\"><img loading=\"lazy\" decoding=\"async\" width=\"1024\" height=\"768\" src=\"https:\/\/kbv-wiesederfehn.de\/wp-content\/uploads\/2026\/03\/Polish_20260123_224554419-1024x768.jpg\" alt=\"\" class=\"wp-image-6306\" srcset=\"https:\/\/kbv-wiesederfehn.de\/wp-content\/uploads\/2026\/03\/Polish_20260123_224554419-1024x768.jpg 1024w, https:\/\/kbv-wiesederfehn.de\/wp-content\/uploads\/2026\/03\/Polish_20260123_224554419-300x225.jpg 300w, https:\/\/kbv-wiesederfehn.de\/wp-content\/uploads\/2026\/03\/Polish_20260123_224554419-768x576.jpg 768w, https:\/\/kbv-wiesederfehn.de\/wp-content\/uploads\/2026\/03\/Polish_20260123_224554419-1536x1152.jpg 1536w, https:\/\/kbv-wiesederfehn.de\/wp-content\/uploads\/2026\/03\/Polish_20260123_224554419-2048x1536.jpg 2048w, https:\/\/kbv-wiesederfehn.de\/wp-content\/uploads\/2026\/03\/Polish_20260123_224554419-150x113.jpg 150w\" sizes=\"auto, (max-width: 1024px) 100vw, 1024px\" \/><\/figure>\n<\/div>\n\n\n<p><\/p>\n\n\n\n<div class=\"wp-block-columns is-layout-flex wp-container-core-columns-is-layout-9d6595d7 wp-block-columns-is-layout-flex\">\n<div class=\"wp-block-column is-layout-flow wp-block-column-is-layout-flow\" style=\"flex-basis:25%\"><\/div>\n\n\n\n<div class=\"wp-block-column is-layout-flow wp-block-column-is-layout-flow\" style=\"flex-basis:50%\">\n<p>Am Freitag, den 23.01.2026 nahmen 35 Vereinsmitglieder an der Jahreshauptversammlung f\u00fcr das Kalenderjahr 2025 teil.<br>Der 1. Vorsitzende Holger Wilken konnte auf ein ereignisreiches und erfolgreiches Jahr zur\u00fcckblicken:<br><\/p>\n\n\n\n<p>Die neu gegr\u00fcndete Spielgemeinschaft der M\u00e4nner I Wiesederfehn\/Wiesede wurde in der<br>Bezirksklasse souver\u00e4n mit 36:0 Punkten und einem Sch\u00f6tverh\u00e4ltnis von 182:0 Meister und                stieg in die Bezirksliga auf.<br>Ebenfalls erfolgreich war die Spielgemeinschaft Wiesede\/Wiesederfehn. Sie wurden ebenfalls<br>Meister und stiegen von der 3. Kreisliga in die 2. Kreisliga auf.<br>Auch unsere weibliche Jugend D wurde erneut Kreismeister. Ein H\u00f6hepunkt der Jahreshauptversammlung war die Ehrung langj\u00e4hriger Mitglieder. Die Silberne<br>Ehrennadel des Friesischen Klootschie\u00dferverbandes nahm Rita Wilken entgegen.                                 <\/p>\n\n\n\n<p>Mit der goldenen Ehrennadel und einer Urkunde f\u00fcr 40-j\u00e4hrige Mitgliedschaft wurde Holger Wilken geehrt. Die Diamantene Ehrennadel f\u00fcr 60 Jahre Mitgliedschaft wurde Wiard M\u00fcller verliehen.<br>Herbert Hespen, Otto Plock (beide25 Jahre), Gerlinde Willms-Schoon, Diedrich Aden, Harald H\u00f6fing, Harns-Dieter Ahlers, Petra Satorius (jeweils 40 Jahre), Johann Dirks und Hannjo Hellbusch (beide 60 Jahre) waren an diesem Abend nicht anwesend und erhalten ihre Ehrung zu einem sp\u00e4teren Zeitpunkt.<\/p>\n<\/div>\n\n\n\n<div class=\"wp-block-column is-layout-flow wp-block-column-is-layout-flow\" style=\"flex-basis:25%\"><\/div>\n<\/div>\n\n\n\n<div class=\"wp-block-columns is-layout-flex wp-container-core-columns-is-layout-9d6595d7 wp-block-columns-is-layout-flex\">\n<div class=\"wp-block-column is-layout-flow wp-block-column-is-layout-flow\" style=\"flex-basis:25%\"><\/div>\n\n\n\n<div class=\"wp-block-column is-layout-flow wp-block-column-is-layout-flow\" style=\"flex-basis:50%\">\n<figure class=\"wp-block-image size-large\"><img loading=\"lazy\" decoding=\"async\" width=\"768\" height=\"1024\" src=\"https:\/\/kbv-wiesederfehn.de\/wp-content\/uploads\/2026\/03\/20260123_220902-768x1024.jpg\" alt=\"\" class=\"wp-image-6310\" srcset=\"https:\/\/kbv-wiesederfehn.de\/wp-content\/uploads\/2026\/03\/20260123_220902-768x1024.jpg 768w, https:\/\/kbv-wiesederfehn.de\/wp-content\/uploads\/2026\/03\/20260123_220902-225x300.jpg 225w, https:\/\/kbv-wiesederfehn.de\/wp-content\/uploads\/2026\/03\/20260123_220902-1152x1536.jpg 1152w, https:\/\/kbv-wiesederfehn.de\/wp-content\/uploads\/2026\/03\/20260123_220902-1536x2048.jpg 1536w, https:\/\/kbv-wiesederfehn.de\/wp-content\/uploads\/2026\/03\/20260123_220902-113x150.jpg 113w, https:\/\/kbv-wiesederfehn.de\/wp-content\/uploads\/2026\/03\/20260123_220902-scaled.jpg 1920w\" sizes=\"auto, (max-width: 768px) 100vw, 768px\" \/><\/figure>\n\n\n\n<p><\/p>\n<\/div>\n\n\n\n<div class=\"wp-block-column is-layout-flow wp-block-column-is-layout-flow\" style=\"flex-basis:25%\"><\/div>\n<\/div>\n\n\n\n<p><\/p>\n\n\n\n<div class=\"wp-block-columns is-layout-flex wp-container-core-columns-is-layout-9d6595d7 wp-block-columns-is-layout-flex\">\n<div class=\"wp-block-column is-layout-flow wp-block-column-is-layout-flow\" style=\"flex-basis:25%\"><\/div>\n\n\n\n<div class=\"wp-block-column is-layout-flow wp-block-column-is-layout-flow\" style=\"flex-basis:50%\">\n<p>Ein gro\u00dfer H\u00f6hepunkt der Saison sind die Kreis-Einzelmeisterschaft, wo unser Verein mit 26<br>Jugendwerfern und 13 aus der Erwachsenenklasse dabei waren.<br>Fenna Behrends (weibliche Jugend A) wurde mit der Eisenkugel und mit der Gummikugel<br>Kreismeister und mit der Gummikugel Landesmeister.<br>Holger Wilken (M\u00e4nner II) wurde mit der Holzkugel Vize-Kreismeister und bei den<br>Landesmeisterschaften errang er die Goldmedaille.<br><\/p>\n\n\n\n<p>In diesem Jahr stand turnusgem\u00e4\u00df der ganze Vorstand zur Wahl. Als neue Jugendwartin r\u00fcckt Jana Gerdes in den Vorstand, da Silke Schoon im erweiterten Vorstand auf den Posten der stellvertretenen Schriftf\u00fchrerin wechselt.<br>Als Fahnentr\u00e4ger wurde Daniel Reis einstimmig gew\u00e4hlt.                                                                   Er l\u00f6st somit Dieter Osterloh                                    in seiner Funktion ab.<br>Holger Wilken teilte mit, dass er zwar f\u00fcr ein weiteres Jahr den Verein als 1. Vorsitzenden     f\u00fchren wird, danach allerdings seinen Posten zur Verf\u00fcgung stellt. Im n\u00e4chsten Jahr wird sich der Verein dann neu strukturieren m\u00fcssen.<br>Alle anderen Vorstandsmitglieder sind einstimmig wiedergew\u00e4hlt.<br><\/p>\n\n\n\n<p>Ein weiteres Ereignis im Kalenderjahr 2025 war die Tagesfahrt zur amtierenden Doppel-<br>Europameisterin (Eisenkugel und Hollandkugel) Silke Tulk nach Reutrum in Holland mit Besichtigung der Hollandkugelbahn, ein faszinierendes Erlebnis.<br>Auf der R\u00fcckfahrt fand noch ein Besuch im Emsflower in Emsb\u00fchren mit Besichtigung und<br>anschlie\u00dfendem Abendessen statt.<br><\/p>\n\n\n\n<p>Die Planungen f\u00fcr den diesj\u00e4hrigen Fehntjer Cup mit Sommerfest am 18. und 19. Juli 2026         laufen schon in vollen Touren. Es sind f\u00fcr dieses Jahr bereits alle Startpl\u00e4tze vergeben und        einige stehen schon auf der Warteliste. Das l\u00e4sst wieder auf ein erfolgreiches Festwochenende hoffen.<br>Holger Wilken bedankte sich bei allen, die durch ihr Mitwirken am Erfolg des Vereins betragen          und beendet gegen 22.30 Uhr die Versammlung.<\/p>\n<\/div>\n\n\n\n<div class=\"wp-block-column is-layout-flow wp-block-column-is-layout-flow\" style=\"flex-basis:25%\"><\/div>\n<\/div>\n\n\n\n<div class=\"wp-block-columns is-layout-flex wp-container-core-columns-is-layout-9d6595d7 wp-block-columns-is-layout-flex\">\n<div class=\"wp-block-column is-layout-flow wp-block-column-is-layout-flow\">\n<figure class=\"wp-block-image size-large\"><img loading=\"lazy\" decoding=\"async\" width=\"1024\" height=\"768\" src=\"https:\/\/kbv-wiesederfehn.de\/wp-content\/uploads\/2026\/03\/20260123_221443-1024x768.jpg\" alt=\"\" class=\"wp-image-6308\" srcset=\"https:\/\/kbv-wiesederfehn.de\/wp-content\/uploads\/2026\/03\/20260123_221443-1024x768.jpg 1024w, https:\/\/kbv-wiesederfehn.de\/wp-content\/uploads\/2026\/03\/20260123_221443-300x225.jpg 300w, https:\/\/kbv-wiesederfehn.de\/wp-content\/uploads\/2026\/03\/20260123_221443-768x576.jpg 768w, https:\/\/kbv-wiesederfehn.de\/wp-content\/uploads\/2026\/03\/20260123_221443-1536x1152.jpg 1536w, https:\/\/kbv-wiesederfehn.de\/wp-content\/uploads\/2026\/03\/20260123_221443-2048x1536.jpg 2048w, https:\/\/kbv-wiesederfehn.de\/wp-content\/uploads\/2026\/03\/20260123_221443-150x113.jpg 150w\" sizes=\"auto, (max-width: 1024px) 100vw, 1024px\" \/><\/figure>\n<\/div>\n\n\n\n<div class=\"wp-block-column is-layout-flow wp-block-column-is-layout-flow\">\n<figure class=\"wp-block-image size-large\"><img loading=\"lazy\" decoding=\"async\" width=\"1024\" height=\"768\" src=\"https:\/\/kbv-wiesederfehn.de\/wp-content\/uploads\/2026\/03\/20260123_221453-1024x768.jpg\" alt=\"\" class=\"wp-image-6309\" srcset=\"https:\/\/kbv-wiesederfehn.de\/wp-content\/uploads\/2026\/03\/20260123_221453-1024x768.jpg 1024w, https:\/\/kbv-wiesederfehn.de\/wp-content\/uploads\/2026\/03\/20260123_221453-300x225.jpg 300w, https:\/\/kbv-wiesederfehn.de\/wp-content\/uploads\/2026\/03\/20260123_221453-768x576.jpg 768w, https:\/\/kbv-wiesederfehn.de\/wp-content\/uploads\/2026\/03\/20260123_221453-1536x1152.jpg 1536w, https:\/\/kbv-wiesederfehn.de\/wp-content\/uploads\/2026\/03\/20260123_221453-2048x1536.jpg 2048w, https:\/\/kbv-wiesederfehn.de\/wp-content\/uploads\/2026\/03\/20260123_221453-150x113.jpg 150w\" sizes=\"auto, (max-width: 1024px) 100vw, 1024px\" \/><\/figure>\n<\/div>\n<\/div>\n","protected":false},"excerpt":{"rendered":"<p>Am Freitag, den 23.01.2026 nahmen 35 Vereinsmitglieder an der Jahreshauptversammlung f\u00fcr das Kalenderjahr 2025 teil.Der 1. Vorsitzende Holger Wilken konnte auf ein ereignisreiches und erfolgreiches Jahr zur\u00fcckblicken: Die neu gegr\u00fcndete&#8230;<\/p>\n<p class=\"continue-reading-button\"> <a class=\"continue-reading-link\" href=\"https:\/\/kbv-wiesederfehn.de\/?p=6304\">Mehr lesen<i class=\"crycon-right-dir\"><\/i><\/a><\/p>\n","protected":false},"author":1,"featured_media":6306,"comment_status":"closed","ping_status":"open","sticky":false,"template":"","format":"standard","meta":{"ngg_post_thumbnail":0,"footnotes":""},"categories":[8,36],"tags":[],"class_list":["post-6304","post","type-post","status-publish","format-standard","has-post-thumbnail","hentry","category-jahreshauptversammlung","category-saison-25-26"],"_links":{"self":[{"href":"https:\/\/kbv-wiesederfehn.de\/index.php?rest_route=\/wp\/v2\/posts\/6304","targetHints":{"allow":["GET"]}}],"collection":[{"href":"https:\/\/kbv-wiesederfehn.de\/index.php?rest_route=\/wp\/v2\/posts"}],"about":[{"href":"https:\/\/kbv-wiesederfehn.de\/index.php?rest_route=\/wp\/v2\/types\/post"}],"author":[{"embeddable":true,"href":"https:\/\/kbv-wiesederfehn.de\/index.php?rest_route=\/wp\/v2\/users\/1"}],"replies":[{"embeddable":true,"href":"https:\/\/kbv-wiesederfehn.de\/index.php?rest_route=%2Fwp%2Fv2%2Fcomments&post=6304"}],"version-history":[{"count":24,"href":"https:\/\/kbv-wiesederfehn.de\/index.php?rest_route=\/wp\/v2\/posts\/6304\/revisions"}],"predecessor-version":[{"id":6321,"href":"https:\/\/kbv-wiesederfehn.de\/index.php?rest_route=\/wp\/v2\/posts\/6304\/revisions\/6321"}],"wp:featuredmedia":[{"embeddable":true,"href":"https:\/\/kbv-wiesederfehn.de\/index.php?rest_route=\/wp\/v2\/media\/6306"}],"wp:attachment":[{"href":"https:\/\/kbv-wiesederfehn.de\/index.php?rest_route=%2Fwp%2Fv2%2Fmedia&parent=6304"}],"wp:term":[{"taxonomy":"category","embeddable":true,"href":"https:\/\/kbv-wiesederfehn.de\/index.php?rest_route=%2Fwp%2Fv2%2Fcategories&post=6304"},{"taxonomy":"post_tag","embeddable":true,"href":"https:\/\/kbv-wiesederfehn.de\/index.php?rest_route=%2Fwp%2Fv2%2Ftags&post=6304"}],"curies":[{"name":"wp","href":"https:\/\/api.w.org\/{rel}","templated":true}]}}