{"id":6346,"date":"2026-04-30T06:32:30","date_gmt":"2026-04-30T06:32:30","guid":{"rendered":"https:\/\/kbv-wiesederfehn.de\/?p=6346"},"modified":"2026-04-30T07:24:32","modified_gmt":"2026-04-30T07:24:32","slug":"28-fehntjer-cup-am-18-und-19-juli-2026-alle-informationen-zum-turnier","status":"publish","type":"post","link":"https:\/\/kbv-wiesederfehn.de\/?p=6346","title":{"rendered":"28. Fehntjer Cup am 18. und 19. Juli 2026 &#8211; alle Informationen zum Turnier!"},"content":{"rendered":"\n<div class=\"wp-block-file aligncenter\"><a id=\"wp-block-file--media-be698374-744c-4c06-a531-6a5580b9de04\" href=\"https:\/\/kbv-wiesederfehn.de\/wp-content\/uploads\/2026\/04\/Startplan-Fehntjer-Cup.pdf\">Startplan Fehntjer Cup<\/a><a href=\"https:\/\/kbv-wiesederfehn.de\/wp-content\/uploads\/2026\/04\/Startplan-Fehntjer-Cup.pdf\" class=\"wp-block-file__button wp-element-button\" download aria-describedby=\"wp-block-file--media-be698374-744c-4c06-a531-6a5580b9de04\">Herunterladen<\/a><\/div>\n\n\n\n<div class=\"wp-block-file aligncenter\"><a id=\"wp-block-file--media-a8356f1a-f5b6-450c-a842-f8011f33178a\" href=\"https:\/\/kbv-wiesederfehn.de\/wp-content\/uploads\/2026\/04\/Fehntjer-Cup-2026.pdf\">Einladungsflyer<\/a><a href=\"https:\/\/kbv-wiesederfehn.de\/wp-content\/uploads\/2026\/04\/Fehntjer-Cup-2026.pdf\" class=\"wp-block-file__button wp-element-button\" download aria-describedby=\"wp-block-file--media-a8356f1a-f5b6-450c-a842-f8011f33178a\">Herunterladen<\/a><\/div>\n\n\n\n<div class=\"wp-block-file aligncenter\"><a id=\"wp-block-file--media-e946678a-e236-44bc-a06b-a2b981d26f8a\" href=\"https:\/\/kbv-wiesederfehn.de\/wp-content\/uploads\/2026\/04\/Modus-und-Anmeldeformular-2026.pdf\">Modus und Anmeldeformular <\/a><a href=\"https:\/\/kbv-wiesederfehn.de\/wp-content\/uploads\/2026\/04\/Modus-und-Anmeldeformular-2026.pdf\" class=\"wp-block-file__button wp-element-button\" download aria-describedby=\"wp-block-file--media-e946678a-e236-44bc-a06b-a2b981d26f8a\">Herunterladen<\/a><\/div>\n\n\n\n<p><\/p>\n\n\n\n<p class=\"has-text-align-center\">Die Vorfreude ist schon wieder gro\u00df \u2013 die 28. Auflage unseres Fehntjer-Cups startet am 18.<br>und 19. Juli 2026. Das Turnier beginnt am Samstag, 18.07.2026 mit dem Mixedturnier um<br>14.00 Uhr, am Sonntag, 19.07.2026 startet das M\u00e4nnerturnier um 11.00 Uhr.<\/p>\n\n\n\n<p class=\"has-text-align-center\">Anmeldungen werden ab sofort angenommen \u2013 wie immer gilt bei der Anmeldung das<br>Windhundverfahren \ufffd\ufffd!<\/p>\n\n\n\n<p class=\"has-text-align-center\">Die Fakten zum Turnier:<\/p>\n\n\n\n<p class=\"has-text-align-center\">*Im Mixed- und M\u00e4nnerturnier ist keine gleiche Vereinszugeh\u00f6rigkeit notwendig!<\/p>\n\n\n\n<p class=\"has-text-align-center\">*Im Mixedturnier ist erstmals ein Starterfeld von 54 Mannschaften zugelassen, im<br>M\u00e4nnerturnier bleibt es bei einem Starterfeld von 48 Mannschaften! Der Fehntjer-Cup ist<br>weiter das Turnier mit den besten Gewinnchancen!<\/p>\n\n\n\n<p class=\"has-text-align-center\">*Die besten 32 Mannschaften der Vorrunde ziehen in die K.o.- Runden ein!<\/p>\n\n\n\n<p class=\"has-text-align-center\">*Die Anmeldung erfolgt im Windhundverfahren \u2013 wer sich fr\u00fch einen Startplatz sichert<br>bekommt eine sp\u00e4te Startzeit in der Vorrunde!<\/p>\n\n\n\n<p class=\"has-text-align-center\">*Anmeldungen gerne per WhatsApp bei Stephan Gerdes unter 0151-17665276!<\/p>\n\n\n<div class=\"wp-block-image\">\n<figure class=\"aligncenter size-large\"><img loading=\"lazy\" decoding=\"async\" width=\"705\" height=\"1024\" src=\"https:\/\/kbv-wiesederfehn.de\/wp-content\/uploads\/2026\/04\/Fehntjer-Cup-2026-705x1024.jpeg\" alt=\"\" class=\"wp-image-6341\" srcset=\"https:\/\/kbv-wiesederfehn.de\/wp-content\/uploads\/2026\/04\/Fehntjer-Cup-2026-705x1024.jpeg 705w, https:\/\/kbv-wiesederfehn.de\/wp-content\/uploads\/2026\/04\/Fehntjer-Cup-2026-207x300.jpeg 207w, https:\/\/kbv-wiesederfehn.de\/wp-content\/uploads\/2026\/04\/Fehntjer-Cup-2026-768x1115.jpeg 768w, https:\/\/kbv-wiesederfehn.de\/wp-content\/uploads\/2026\/04\/Fehntjer-Cup-2026-1058x1536.jpeg 1058w, https:\/\/kbv-wiesederfehn.de\/wp-content\/uploads\/2026\/04\/Fehntjer-Cup-2026-103x150.jpeg 103w, https:\/\/kbv-wiesederfehn.de\/wp-content\/uploads\/2026\/04\/Fehntjer-Cup-2026.jpeg 1102w\" sizes=\"auto, (max-width: 705px) 100vw, 705px\" \/><\/figure>\n<\/div>\n\n\n<p class=\"has-text-align-center\"><strong>Modus &amp; Regeln Mixed- &amp; M\u00e4nnerturnier:<\/strong><\/p>\n\n\n\n<p class=\"has-text-align-center\">Eine gleiche Vereinszugeh\u00f6rigkeit ist nicht notwendig. Auch vereinslose oder passive Bo\u00dfler<br>k\u00f6nnen teilnehmen. Werfer vom KBV Wiesederfehn sind nicht am Start. Die Teilnahme<br>erfolgt auf eigene Gefahr, der Veranstalter haftet nicht f\u00fcr Personen- u. Sachsch\u00e4den.<\/p>\n\n\n\n<p class=\"has-text-align-center\">Alle gemeldeten Mannschaften (Mixedturnier 54 Teams, M\u00e4nnerturnier 48 Teams) ermitteln<br>in einem Streckenwerfen die besten 32 Mannschaften der Vorrunde. Diese Mannschaften<br>treten im Anschluss im K.O.-System gegeneinander an, wobei die Paarungen vorgegeben sind<br>(17-16 bis 32-1). Die K.O.-Runden werden als Streckenwerfen mit Start- und Zielvorgabe<br>nach FKV-Regeln ausgetragen. Die Mannschaften mit den wenigsten W\u00fcrfen <br>(bei Wurfgleichheit h\u00f6here Meterzahl) zieht in die n\u00e4chste Runde. Die Streckenf\u00fchrung bzw.<br>Wurfrichtung wechselt w\u00e4hrend des Turniers!<\/p>\n\n\n\n<p class=\"has-text-align-center\">Es darf mit FKV zugelassenen 12 cm Kunststoffkugeln (M\u00e4nner), 11 cm Kunststoffkugeln<br>(Frauen oder Jugendliche) oder mit der 10,5 cm Vierpunkt-Gummikugeln geworfen werden<br>(Die ehemals zugelassen Kugel \u201eFKV 4\u201c darf nicht eingesetzt werden). Die Kugeln k\u00f6nnen<br>im laufenden Wettbewerb beliebig getauscht werden, die Wurfger\u00e4te sind mitzubringen und<br>vorzuzeigen.<\/p>\n\n\n\n<p class=\"has-text-align-center\">In der Vorrunde werden die Mannschaften von Schreibern begleitet, die K.O.-Runden werden<br>durch die Teams selbstst\u00e4ndig durchgef\u00fchrt. Der Gewinner einer Paarung ist den Ordnern zu<br>melden.<\/p>\n\n\n\n<p class=\"has-text-align-center\">Die Anmeldungen sind verbindlich, Ummeldungen sind bis zum Start in der Vorrunde<br>m\u00f6glich. Bei Nichtteilnahme wird das Startgeld nicht erstattet. Sollten nicht ausreichend<br>Anmeldungen eingehen, beh\u00e4lt sich der Verein das Recht vor, die Veranstaltung abzusagen.<br>Das Startgeld wird dann erstattet.<\/p>\n\n\n\n<p class=\"has-text-align-center\">Zu beachtende Abl\u00e4ufe w\u00e4hrend des Turniers werden im Vorfeld auf der Homepage<br>ver\u00f6ffentlicht!<\/p>\n\n\n\n<p class=\"has-text-align-center\">Die Startzeiten werden grunds\u00e4tzlich nach Anmelde-\/Zahlungseingang vergeben: je fr\u00fcher die<br>Zahlung eingeht, desto sp\u00e4ter die Startzeit f\u00fcr die erste Runde! Fr\u00fches Anmelden wird also<br>belohnt! Die Startzeiten werden regelm\u00e4\u00dfig auf unserer Homepage ver\u00f6ffentlicht!<\/p>\n","protected":false},"excerpt":{"rendered":"<p>Die Vorfreude ist schon wieder gro\u00df \u2013 die 28. Auflage unseres Fehntjer-Cups startet am 18.und 19. Juli 2026. Das Turnier beginnt am Samstag, 18.07.2026 mit dem Mixedturnier um14.00 Uhr, am&#8230;<\/p>\n<p class=\"continue-reading-button\"> <a class=\"continue-reading-link\" href=\"https:\/\/kbv-wiesederfehn.de\/?p=6346\">Mehr lesen<i class=\"crycon-right-dir\"><\/i><\/a><\/p>\n","protected":false},"author":1,"featured_media":6365,"comment_status":"closed","ping_status":"open","sticky":false,"template":"","format":"standard","meta":{"ngg_post_thumbnail":0,"footnotes":""},"categories":[2,36],"tags":[],"class_list":["post-6346","post","type-post","status-publish","format-standard","has-post-thumbnail","hentry","category-fehntjer-cup","category-saison-25-26"],"_links":{"self":[{"href":"https:\/\/kbv-wiesederfehn.de\/index.php?rest_route=\/wp\/v2\/posts\/6346","targetHints":{"allow":["GET"]}}],"collection":[{"href":"https:\/\/kbv-wiesederfehn.de\/index.php?rest_route=\/wp\/v2\/posts"}],"about":[{"href":"https:\/\/kbv-wiesederfehn.de\/index.php?rest_route=\/wp\/v2\/types\/post"}],"author":[{"embeddable":true,"href":"https:\/\/kbv-wiesederfehn.de\/index.php?rest_route=\/wp\/v2\/users\/1"}],"replies":[{"embeddable":true,"href":"https:\/\/kbv-wiesederfehn.de\/index.php?rest_route=%2Fwp%2Fv2%2Fcomments&post=6346"}],"version-history":[{"count":2,"href":"https:\/\/kbv-wiesederfehn.de\/index.php?rest_route=\/wp\/v2\/posts\/6346\/revisions"}],"predecessor-version":[{"id":6355,"href":"https:\/\/kbv-wiesederfehn.de\/index.php?rest_route=\/wp\/v2\/posts\/6346\/revisions\/6355"}],"wp:featuredmedia":[{"embeddable":true,"href":"https:\/\/kbv-wiesederfehn.de\/index.php?rest_route=\/wp\/v2\/media\/6365"}],"wp:attachment":[{"href":"https:\/\/kbv-wiesederfehn.de\/index.php?rest_route=%2Fwp%2Fv2%2Fmedia&parent=6346"}],"wp:term":[{"taxonomy":"category","embeddable":true,"href":"https:\/\/kbv-wiesederfehn.de\/index.php?rest_route=%2Fwp%2Fv2%2Fcategories&post=6346"},{"taxonomy":"post_tag","embeddable":true,"href":"https:\/\/kbv-wiesederfehn.de\/index.php?rest_route=%2Fwp%2Fv2%2Ftags&post=6346"}],"curies":[{"name":"wp","href":"https:\/\/api.w.org\/{rel}","templated":true}]}}