{"id":804,"date":"2019-07-08T15:02:43","date_gmt":"2019-07-08T15:02:43","guid":{"rendered":"http:\/\/kbv-wiesederfehn.de\/?p=804"},"modified":"2019-07-17T11:07:31","modified_gmt":"2019-07-17T11:07:31","slug":"fehntjer-cup-am-20-und-21-juli-2019-mit-sommerfest-am-dorfgemeinschaftshaus","status":"publish","type":"post","link":"https:\/\/kbv-wiesederfehn.de\/?p=804","title":{"rendered":"Fehntjer Cup am 20. und 21. Juli 2019 mit Sommerfest am Dorfgemeinschaftshaus"},"content":{"rendered":"\n<div class=\"wp-block-file aligncenter\"><a href=\"https:\/\/kbv-wiesederfehn.de\/wp-content\/uploads\/2019\/07\/Dienstplan-2019.pdf\">Dienstplan 2019<\/a><a href=\"https:\/\/kbv-wiesederfehn.de\/wp-content\/uploads\/2019\/07\/Dienstplan-2019.pdf\" class=\"wp-block-file__button\" download>Herunterladen<\/a><\/div>\n\n\n\n<p style=\"text-align:center\">Auch in diesem Jahr veranstalten\nwir unser j\u00e4hrliches Sommerfest im und am Dorfgemeinschaftshaus in Wiesederfehn\nin Verbindung mit dem \u00e4ltesten Bo\u00dfelturnier Ostfrieslands um den Fehntjer Cup. <\/p>\n\n\n\n<div class=\"wp-block-image\"><figure class=\"aligncenter\"><img loading=\"lazy\" decoding=\"async\" width=\"729\" height=\"1024\" src=\"https:\/\/kbv-wiesederfehn.de\/wp-content\/uploads\/2019\/07\/Sommerfest-729x1024.jpg\" alt=\"\" class=\"wp-image-807\" srcset=\"https:\/\/kbv-wiesederfehn.de\/wp-content\/uploads\/2019\/07\/Sommerfest-729x1024.jpg 729w, https:\/\/kbv-wiesederfehn.de\/wp-content\/uploads\/2019\/07\/Sommerfest-214x300.jpg 214w, https:\/\/kbv-wiesederfehn.de\/wp-content\/uploads\/2019\/07\/Sommerfest-768x1078.jpg 768w, https:\/\/kbv-wiesederfehn.de\/wp-content\/uploads\/2019\/07\/Sommerfest-107x150.jpg 107w\" sizes=\"auto, (max-width: 729px) 100vw, 729px\" \/><\/figure><\/div>\n\n\n\n<p style=\"text-align:center\">Am Samstag, 20. Juli 2019 beginnt\ndas Programm um 12.30 Uhr mit den Vereinsmeisterschaften der Jugendklassen A-F.\nIn einem Streckenwerfen werden die neuen Vereinsmeister ermittelt, diese d\u00fcrfen\nf\u00fcr ein Jahr die begehrten Wanderpokale behalten. Alle Teilnehmer d\u00fcrfen sich\naber nat\u00fcrlich auch auf Einzelpreise freuen.<\/p>\n\n\n\n<p style=\"text-align:center\">Um 15.00 beginnt das\nMixedturnier, das Teilnehmerfeld mit 45 Mannschaften ist bereits seit vielen Wochen\nausgebucht. Neben dem sportlichen Wettkampf steht auch der Spa\u00df bei diesem\nTurnier im Vordergrund, auf der anschlie\u00dfenden Bierwagenparty wird noch bis\nsp\u00e4t in die Nacht gefeiert. <\/p>\n\n\n\n<p style=\"text-align:center\">Mit einem Seniorenfr\u00fchst\u00fcck um\n10.00 Uhr beginnt der abschlie\u00dfende Sonntag am 21.07.2019. Alle Senioren des\nKBV Wiesederfehn und auch alle Einwohner aus Wiesederfehn ab 65 Jahre sind\nherzlich mit den jeweiligen Partnern zu einem leckeren und kostenlosen\nFr\u00fchst\u00fcck eingeladen. Die Jugendwartinnen Silke Schoon und Bettina Behrends\nhaben mit einem Teil der Jugendgruppen ein \u00dcberraschungsprogramm vorbereitet. Um\n11.00 Uhr startet schlie\u00dflich das M\u00e4nnerturnier. Auch hier sorgen 45\nM\u00e4nnerteams mit 3 Werfern f\u00fcr erstklassigen Friesensport, gegen 18 Uhr werden\nin den&nbsp; Finalrunden die diesj\u00e4hrigen\nSieger des 23. Fehntjer-Cups ermittelt. Nach der Siegerehrung schlie\u00dft sich ab\nca. 20 Uhr die Abschlussfete im Dorfgemeinschaftshaus an, die Ehrung der\nVereinsmeister der Seniorenklassen und Ehrungen f\u00fcr langj\u00e4hrige Mitgliedschaft\nleiten diesen Programmpunkt ein. H\u00f6hepunkt ist die Ziehung der Gewinnlose der\ndiesj\u00e4hrigen Verlosung. Viele tolle Preise warten auf die Gewinner, und auch\ndie bekannte Sonderverlosung unter allen anwesenden Verlosungsteilnehmer\nverspricht wieder viele gl\u00fcckliche Gesichter. Weitere tolle Sachpreise warten\nauf einer Kl\u00fcterbahn auf die Sieger.<\/p>\n\n\n\n<p style=\"text-align:center\">Unser Fest wird vollst\u00e4ndig\nehrenamtlich organisiert, \u00fcber 130 Mitglieder helfen an allen Tagen durch die\n\u00dcbernahme eines 4-st\u00fcndigen Dienstes und versorgen unsere G\u00e4ste mit Getr\u00e4nken,\nBratwurst, Kaffee und Kuchen. <\/p>\n\n\n\n<p style=\"text-align:center\">Bereits am Mittwoch, 17. Juli ab\n18.30 Uhr treffen sich alle Vereinsmitglieder zur Vorbereitung und Aufbau. Der Abbau\nam Montag, 22. Juli beginnt erstmalig ab 17 Uhr und ist nicht mehr morgens. Ein\ngemeinsames Abschlussessen nach dem Abbau beendet das Sommerfest. Das Organisationsteam\naus Vorstand und Festausschuss freut sich auf viele G\u00e4ste und ein tolles\nSommerfest.<\/p>\n\n\n\n<p style=\"text-align:center\">Neben dem gro\u00dfen ehrenamtlichen Einsatz aller Mitglieder freuen wir uns sehr \u00fcber die erneute Unterst\u00fctzung unserer Hauptsponsoren:<\/p>\n\n\n\n<div class=\"wp-block-image\"><figure class=\"aligncenter\"><img loading=\"lazy\" decoding=\"async\" width=\"1024\" height=\"724\" src=\"https:\/\/kbv-wiesederfehn.de\/wp-content\/uploads\/2019\/07\/Aufstellung-Sponsoren-1024x724.jpg\" alt=\"\" class=\"wp-image-806\" srcset=\"https:\/\/kbv-wiesederfehn.de\/wp-content\/uploads\/2019\/07\/Aufstellung-Sponsoren-1024x724.jpg 1024w, https:\/\/kbv-wiesederfehn.de\/wp-content\/uploads\/2019\/07\/Aufstellung-Sponsoren-300x212.jpg 300w, https:\/\/kbv-wiesederfehn.de\/wp-content\/uploads\/2019\/07\/Aufstellung-Sponsoren-768x543.jpg 768w, https:\/\/kbv-wiesederfehn.de\/wp-content\/uploads\/2019\/07\/Aufstellung-Sponsoren-150x106.jpg 150w\" sizes=\"auto, (max-width: 1024px) 100vw, 1024px\" \/><\/figure><\/div>\n\n\n\n<figure class=\"wp-block-embed aligncenter is-type-rich is-provider-kbv-quot-hier-up-an-quot-wiesederfehn-e-v\"><div class=\"wp-block-embed__wrapper\">\nhttps:\/\/kbv-wiesederfehn.de\/?page_id=810\n<\/div><\/figure>\n\n\n\n<p><\/p>\n","protected":false},"excerpt":{"rendered":"<p>Auch in diesem Jahr veranstalten wir unser j\u00e4hrliches Sommerfest im und am Dorfgemeinschaftshaus in Wiesederfehn in Verbindung mit dem \u00e4ltesten Bo\u00dfelturnier Ostfrieslands um den Fehntjer Cup. Am Samstag, 20. Juli&#8230;<\/p>\n<p class=\"continue-reading-button\"> <a class=\"continue-reading-link\" href=\"https:\/\/kbv-wiesederfehn.de\/?p=804\">Mehr lesen<i class=\"crycon-right-dir\"><\/i><\/a><\/p>\n","protected":false},"author":1,"featured_media":807,"comment_status":"closed","ping_status":"closed","sticky":false,"template":"","format":"standard","meta":{"ngg_post_thumbnail":0,"footnotes":""},"categories":[2,10],"tags":[],"class_list":["post-804","post","type-post","status-publish","format-standard","has-post-thumbnail","hentry","category-fehntjer-cup","category-saison-18-19"],"_links":{"self":[{"href":"https:\/\/kbv-wiesederfehn.de\/index.php?rest_route=\/wp\/v2\/posts\/804","targetHints":{"allow":["GET"]}}],"collection":[{"href":"https:\/\/kbv-wiesederfehn.de\/index.php?rest_route=\/wp\/v2\/posts"}],"about":[{"href":"https:\/\/kbv-wiesederfehn.de\/index.php?rest_route=\/wp\/v2\/types\/post"}],"author":[{"embeddable":true,"href":"https:\/\/kbv-wiesederfehn.de\/index.php?rest_route=\/wp\/v2\/users\/1"}],"replies":[{"embeddable":true,"href":"https:\/\/kbv-wiesederfehn.de\/index.php?rest_route=%2Fwp%2Fv2%2Fcomments&post=804"}],"version-history":[{"count":4,"href":"https:\/\/kbv-wiesederfehn.de\/index.php?rest_route=\/wp\/v2\/posts\/804\/revisions"}],"predecessor-version":[{"id":824,"href":"https:\/\/kbv-wiesederfehn.de\/index.php?rest_route=\/wp\/v2\/posts\/804\/revisions\/824"}],"wp:featuredmedia":[{"embeddable":true,"href":"https:\/\/kbv-wiesederfehn.de\/index.php?rest_route=\/wp\/v2\/media\/807"}],"wp:attachment":[{"href":"https:\/\/kbv-wiesederfehn.de\/index.php?rest_route=%2Fwp%2Fv2%2Fmedia&parent=804"}],"wp:term":[{"taxonomy":"category","embeddable":true,"href":"https:\/\/kbv-wiesederfehn.de\/index.php?rest_route=%2Fwp%2Fv2%2Fcategories&post=804"},{"taxonomy":"post_tag","embeddable":true,"href":"https:\/\/kbv-wiesederfehn.de\/index.php?rest_route=%2Fwp%2Fv2%2Ftags&post=804"}],"curies":[{"name":"wp","href":"https:\/\/api.w.org\/{rel}","templated":true}]}}